{"id":5566,"date":"2026-03-08T07:25:00","date_gmt":"2026-03-08T06:25:00","guid":{"rendered":"https:\/\/vitalstoday.com\/?p=5566"},"modified":"2026-02-18T23:05:58","modified_gmt":"2026-02-18T22:05:58","slug":"how-much-chronic-anxiety-is-there-in-spain","status":"publish","type":"post","link":"https:\/\/vitalstoday.com\/en\/salud-mental\/cuanta-ansiedad-cronica-hay-en-espana\/","title":{"rendered":"How much chronic anxiety is there in Spain?"},"content":{"rendered":"<\/p>\n<p data-no-translation>In Spain, 6.6% of adults report chronic <a href=\"https:\/\/vitalstoday.com\/en\/mental-health\/what-can-i-buy-without-a-prescription-at-the-pharmacy-for-mild-anxiety\/\">anxiety<\/a>, according to the <a href=\"https:\/\/www.sanidad.gob.es\/estadEstudios\/estadisticas\/encuestaSaludEspana\/ESdE2023\/ESdE2023_notatecnica.pdf\">Spanish Health Survey 2023<\/a>. The figure is 9% in women and 4.1% in men. These are the most recent national data available.<\/p>\n<p>\n\n\n\n\n\n\n<h2 class=\"wp-block-heading\">What is the Spanish Health Survey?<\/h2>\n\n\n\n<p>The Spanish Health Survey is a population-based statistical operation that collects data through household interviews on how the population perceives its health and what determinants and use of healthcare services they report. It is conducted by the Ministry of Health and the National Institute of Statistics (INE).<\/p>\n\n\n\n<p>The fieldwork was carried out in 2023, but the main results were published on May 27, 2025. As of February 2026, it is still the most recent national edition disseminated, as this operation does not publish full results every year.<\/p>\n\n\n\n<h2 class=\"wp-block-heading\">What does chronic anxiety mean in official statistics?<\/h2>\n\n\n\n<p>In the Spanish National Health Survey, the figure is presented as a percentage of adults who report chronic anxiety. These figures are useful for understanding magnitudes and comparing groups, but they do not, on their own, describe the situation of each individual.<\/p>\n\n\n\n<h2 class=\"wp-block-heading\">What differences appear based on sex and employment status?<\/h2>\n\n\n\n<p>The same source shows a clear gender gap, with a higher proportion among women than men. A contrast also emerges based on employment status, with a higher reported prevalence among the unemployed than among the employed.<\/p>\n\n\n\n<figure class=\"wp-block-table\"><table class=\"has-fixed-layout\"><thead><tr><th>Cluster<\/th><th>Chronic anxiety<\/th><\/tr><\/thead><tbody><tr><td>Total adults<\/td><td>6.6 percent<\/td><\/tr><tr><td>Women<\/td><td>9 percent<\/td><\/tr><tr><td>Men<\/td><td>4.1 percent<\/td><\/tr><\/tbody><\/table><\/figure>\n\n\n\n<h2 class=\"wp-block-heading\">In what context should this data be interpreted if you live in or travel to Spain?<\/h2>\n\n\n\n<p>For expats and tourists, the main value of these figures lies in guiding expectations and conversations with professionals, especially when seeking care within a system with geographical variability. The survey also reveals that 7.1 percent visited a psychologist, psychotherapist, or psychiatrist in the last 12 months, a useful piece of data for contextualizing the demand.<\/p>\n\n\n\n<h2 class=\"wp-block-heading\">Why is anxiety being talked about so much on a global scale?<\/h2>\n\n\n\n<p>Anxiety and depression are among the most common mental health problems worldwide, and international organizations are urging the expansion of services and the reduction of barriers to access. In 2025, the WHO highlighted that more than one billion people live with mental health disorders, with a significant human and economic impact.<\/p>\n\n\n\n<p><em>This text is for informational purposes only and does not replace medical advice. Always consult official sources and, if you need help, seek help from a healthcare professional in your country or in Spain.<\/em><\/p>","protected":false},"excerpt":{"rendered":"<p>\u00bfQu\u00e9 es la Encuesta de Salud de Espa\u00f1a? La Encuesta de Salud de Espa\u00f1a es una operaci\u00f3n estad\u00edstica poblacional que recoge, mediante entrevistas en hogares, c\u00f3mo percibe su salud la poblaci\u00f3n y qu\u00e9 determinantes y uso de servicios sanitarios declara. La elaboran el Ministerio de Sanidad y el INE. El trabajo de campo se realiz\u00f3 [&hellip;]<\/p>\n","protected":false},"author":257725347,"featured_media":5598,"comment_status":"closed","ping_status":"closed","sticky":false,"template":"","format":"standard","meta":{"_stopmodifiedupdate":false,"_modified_date":"","_jetpack_memberships_contains_paid_content":false,"jnews-multi-image_gallery":[],"jnews_single_post":{"format":"standard","override":[{"template":"1","parallax":"1","layout":"right-sidebar","sidebar":"default-sidebar","second_sidebar":"default-sidebar","share_position":"float","share_float_style":"share-normal","show_share_counter":"1","show_view_counter":"1","show_featured":"1","show_post_meta":"1","show_post_author":"1","show_post_date":"1","post_date_format":"default","post_date_format_custom":"Y\/m\/d","show_post_reading_time":"1","post_reading_time_wpm":"300","post_calculate_word_method":"str_word_count","zoom_button_out_step":"2","zoom_button_in_step":"3","show_post_tag":"1","show_prev_next_post":"1","number_popup_post":"1","show_post_related":"1"}],"image_override":[{"single_post_thumbnail_size":"crop-500","single_post_gallery_size":"crop-500"}],"trending_post_position":"meta","trending_post_label":"Trending","sponsored_post_label":"Sponsored by","disable_ad":"0","subtitle":"Porcentaje oficial de ansiedad cr\u00f3nica en Espa\u00f1a, diferencias por sexo y situaci\u00f3n laboral, y claves para interpretar el dato si vives o viajas al pa\u00eds sin confundir estad\u00edsticas con casos individuales."},"jnews_primary_category":[],"jnews_override_counter":{"view_counter_number":"0","share_counter_number":"0","like_counter_number":"0","dislike_counter_number":"0"},"footnotes":"","jetpack_publicize_message":"","jetpack_publicize_feature_enabled":true,"jetpack_social_post_already_shared":true,"jetpack_social_options":{"image_generator_settings":{"template":"highway","default_image_id":0,"font":"","enabled":false},"version":2}},"categories":[215],"tags":[230],"class_list":["post-5566","post","type-post","status-publish","format-standard","has-post-thumbnail","hentry","category-salud-mental","tag-ansiedad"],"yoast_head":"<!-- This site is optimized with the Yoast SEO plugin v27.5 - https:\/\/yoast.com\/product\/yoast-seo-wordpress\/ -->\n<title>\u00bfCu\u00e1nta ansiedad cr\u00f3nica hay en Espa\u00f1a? | Vitals Today<\/title>\n<meta name=\"description\" content=\"En Espa\u00f1a, el 6,6 por ciento de los adultos declara padecer ansiedad cr\u00f3nica, seg\u00fan la Encuesta de Salud de Espa\u00f1a 2023. En mujeres la cifra es del 9 por ciento y en hombres del 4,1 por ciento.\" \/>\n<meta name=\"robots\" content=\"index, follow, max-snippet:-1, max-image-preview:large, max-video-preview:-1\" \/>\n<link rel=\"canonical\" href=\"https:\/\/vitalstoday.com\/en\/mental-health\/how-much-chronic-anxiety-is-there-in-spain\/\" \/>\n<meta property=\"og:locale\" content=\"en_US\" \/>\n<meta property=\"og:type\" content=\"article\" \/>\n<meta property=\"og:title\" content=\"\u00bfCu\u00e1nta ansiedad cr\u00f3nica hay en Espa\u00f1a? | Vitals Today\" \/>\n<meta property=\"og:description\" content=\"En Espa\u00f1a, el 6,6 por ciento de los adultos declara padecer ansiedad cr\u00f3nica, seg\u00fan la Encuesta de Salud de Espa\u00f1a 2023. En mujeres la cifra es del 9 por ciento y en hombres del 4,1 por ciento.\" \/>\n<meta property=\"og:url\" content=\"https:\/\/vitalstoday.com\/en\/mental-health\/how-much-chronic-anxiety-is-there-in-spain\/\" \/>\n<meta property=\"og:site_name\" content=\"Vitals Today\" \/>\n<meta property=\"article:publisher\" content=\"https:\/\/www.facebook.com\/VitalsToday\/\" \/>\n<meta property=\"article:published_time\" content=\"2026-03-08T06:25:00+00:00\" \/>\n<meta property=\"og:image\" content=\"https:\/\/vitalstoday.com\/wp-content\/uploads\/Diseno-sin-titulo-copia-2.jpg\" \/>\n\t<meta property=\"og:image:width\" content=\"750\" \/>\n\t<meta property=\"og:image:height\" content=\"375\" \/>\n\t<meta property=\"og:image:type\" content=\"image\/jpeg\" \/>\n<meta name=\"author\" content=\"Raquel Hernandez\" \/>\n<meta name=\"twitter:card\" content=\"summary_large_image\" \/>\n<meta name=\"twitter:creator\" content=\"@VitalsToday\" \/>\n<meta name=\"twitter:site\" content=\"@VitalsToday\" \/>\n<meta name=\"twitter:label1\" content=\"Written by\" \/>\n\t<meta name=\"twitter:data1\" content=\"Raquel Hernandez\" \/>\n\t<meta name=\"twitter:label2\" content=\"Est. reading time\" \/>\n\t<meta name=\"twitter:data2\" content=\"3 minutes\" \/>\n<script type=\"application\/ld+json\" class=\"yoast-schema-graph\">{\"@context\":\"https:\\\/\\\/schema.org\",\"@graph\":[{\"@type\":\"Article\",\"@id\":\"https:\\\/\\\/vitalstoday.com\\\/salud-mental\\\/cuanta-ansiedad-cronica-hay-en-espana\\\/#article\",\"isPartOf\":{\"@id\":\"https:\\\/\\\/vitalstoday.com\\\/salud-mental\\\/cuanta-ansiedad-cronica-hay-en-espana\\\/\"},\"author\":{\"name\":\"Raquel Hernandez\",\"@id\":\"https:\\\/\\\/vitalstoday.com\\\/#\\\/schema\\\/person\\\/80d4eb419238abd54a378eec27dce261\"},\"headline\":\"\u00bfCu\u00e1nta ansiedad cr\u00f3nica hay en Espa\u00f1a?\",\"datePublished\":\"2026-03-08T06:25:00+00:00\",\"mainEntityOfPage\":{\"@id\":\"https:\\\/\\\/vitalstoday.com\\\/salud-mental\\\/cuanta-ansiedad-cronica-hay-en-espana\\\/\"},\"wordCount\":531,\"publisher\":{\"@id\":\"https:\\\/\\\/vitalstoday.com\\\/#organization\"},\"image\":{\"@id\":\"https:\\\/\\\/vitalstoday.com\\\/salud-mental\\\/cuanta-ansiedad-cronica-hay-en-espana\\\/#primaryimage\"},\"thumbnailUrl\":\"https:\\\/\\\/vitalstoday.com\\\/wp-content\\\/uploads\\\/Diseno-sin-titulo-copia-2.jpg\",\"keywords\":[\"Ansiedad\"],\"articleSection\":[\"Salud Mental\"],\"inLanguage\":\"en-US\"},{\"@type\":\"WebPage\",\"@id\":\"https:\\\/\\\/vitalstoday.com\\\/salud-mental\\\/cuanta-ansiedad-cronica-hay-en-espana\\\/\",\"url\":\"https:\\\/\\\/vitalstoday.com\\\/salud-mental\\\/cuanta-ansiedad-cronica-hay-en-espana\\\/\",\"name\":\"\u00bfCu\u00e1nta ansiedad cr\u00f3nica hay en Espa\u00f1a? | Vitals Today\",\"isPartOf\":{\"@id\":\"https:\\\/\\\/vitalstoday.com\\\/#website\"},\"primaryImageOfPage\":{\"@id\":\"https:\\\/\\\/vitalstoday.com\\\/salud-mental\\\/cuanta-ansiedad-cronica-hay-en-espana\\\/#primaryimage\"},\"image\":{\"@id\":\"https:\\\/\\\/vitalstoday.com\\\/salud-mental\\\/cuanta-ansiedad-cronica-hay-en-espana\\\/#primaryimage\"},\"thumbnailUrl\":\"https:\\\/\\\/vitalstoday.com\\\/wp-content\\\/uploads\\\/Diseno-sin-titulo-copia-2.jpg\",\"datePublished\":\"2026-03-08T06:25:00+00:00\",\"description\":\"En Espa\u00f1a, el 6,6 por ciento de los adultos declara padecer ansiedad cr\u00f3nica, seg\u00fan la Encuesta de Salud de Espa\u00f1a 2023. En mujeres la cifra es del 9 por ciento y en hombres del 4,1 por ciento.\",\"breadcrumb\":{\"@id\":\"https:\\\/\\\/vitalstoday.com\\\/salud-mental\\\/cuanta-ansiedad-cronica-hay-en-espana\\\/#breadcrumb\"},\"inLanguage\":\"en-US\",\"potentialAction\":[{\"@type\":\"ReadAction\",\"target\":[\"https:\\\/\\\/vitalstoday.com\\\/salud-mental\\\/cuanta-ansiedad-cronica-hay-en-espana\\\/\"]}]},{\"@type\":\"ImageObject\",\"inLanguage\":\"en-US\",\"@id\":\"https:\\\/\\\/vitalstoday.com\\\/salud-mental\\\/cuanta-ansiedad-cronica-hay-en-espana\\\/#primaryimage\",\"url\":\"https:\\\/\\\/vitalstoday.com\\\/wp-content\\\/uploads\\\/Diseno-sin-titulo-copia-2.jpg\",\"contentUrl\":\"https:\\\/\\\/vitalstoday.com\\\/wp-content\\\/uploads\\\/Diseno-sin-titulo-copia-2.jpg\",\"width\":750,\"height\":375,\"caption\":\"Canva\"},{\"@type\":\"BreadcrumbList\",\"@id\":\"https:\\\/\\\/vitalstoday.com\\\/salud-mental\\\/cuanta-ansiedad-cronica-hay-en-espana\\\/#breadcrumb\",\"itemListElement\":[{\"@type\":\"ListItem\",\"position\":1,\"name\":\"Salud Mental\",\"item\":\"https:\\\/\\\/vitalstoday.com\\\/category\\\/salud-mental\\\/\"},{\"@type\":\"ListItem\",\"position\":2,\"name\":\"\u00bfCu\u00e1nta ansiedad cr\u00f3nica hay en Espa\u00f1a?\"}]},{\"@type\":\"WebSite\",\"@id\":\"https:\\\/\\\/vitalstoday.com\\\/#website\",\"url\":\"https:\\\/\\\/vitalstoday.com\\\/\",\"name\":\"Vitals Today\",\"description\":\"Tu gu\u00eda para entender los medicamentos y cuidar tu salud, est\u00e9s donde est\u00e9s\",\"publisher\":{\"@id\":\"https:\\\/\\\/vitalstoday.com\\\/#organization\"},\"alternateName\":\"VitalsToday\",\"potentialAction\":[{\"@type\":\"SearchAction\",\"target\":{\"@type\":\"EntryPoint\",\"urlTemplate\":\"https:\\\/\\\/vitalstoday.com\\\/?s={search_term_string}\"},\"query-input\":{\"@type\":\"PropertyValueSpecification\",\"valueRequired\":true,\"valueName\":\"search_term_string\"}}],\"inLanguage\":\"en-US\"},{\"@type\":\"Organization\",\"@id\":\"https:\\\/\\\/vitalstoday.com\\\/#organization\",\"name\":\"Vitals Today\",\"url\":\"https:\\\/\\\/vitalstoday.com\\\/\",\"logo\":{\"@type\":\"ImageObject\",\"inLanguage\":\"en-US\",\"@id\":\"https:\\\/\\\/vitalstoday.com\\\/#\\\/schema\\\/logo\\\/image\\\/\",\"url\":\"https:\\\/\\\/vitalstoday.com\\\/wp-content\\\/uploads\\\/cropped-VitalsToday_Green_Transparent_TextSame_512.png\",\"contentUrl\":\"https:\\\/\\\/vitalstoday.com\\\/wp-content\\\/uploads\\\/cropped-VitalsToday_Green_Transparent_TextSame_512.png\",\"width\":512,\"height\":512,\"caption\":\"Vitals Today\"},\"image\":{\"@id\":\"https:\\\/\\\/vitalstoday.com\\\/#\\\/schema\\\/logo\\\/image\\\/\"},\"sameAs\":[\"https:\\\/\\\/www.facebook.com\\\/VitalsToday\\\/\",\"https:\\\/\\\/x.com\\\/VitalsToday\",\"https:\\\/\\\/www.linkedin.com\\\/company\\\/vitals-today\",\"https:\\\/\\\/bsky.app\\\/profile\\\/vitalstoday.bsky.social\"]},{\"@type\":\"Person\",\"@id\":\"https:\\\/\\\/vitalstoday.com\\\/#\\\/schema\\\/person\\\/80d4eb419238abd54a378eec27dce261\",\"name\":\"Raquel Hernandez\",\"description\":\"Nuestra experta en salud mental y divulgaci\u00f3n cient\u00edfica. Con un profundo compromiso por el bienestar emocional, Raquel escribe sobre investigaciones recientes, descubrimientos relevantes y temas esenciales relacionados con la salud mental.\",\"url\":\"https:\\\/\\\/vitalstoday.com\\\/en\\\/author\\\/raquelhernandez01\\\/\"}]}<\/script>\n<!-- \/ Yoast SEO plugin. -->","yoast_head_json":{"title":"How much chronic anxiety is there in Spain? | Vitals Today","description":"In Spain, 6.6 percent of adults report suffering from chronic anxiety, according to the 2023 Spanish Health Survey. The figure is 9 percent for women and 4.1 percent for men.","robots":{"index":"index","follow":"follow","max-snippet":"max-snippet:-1","max-image-preview":"max-image-preview:large","max-video-preview":"max-video-preview:-1"},"canonical":"https:\/\/vitalstoday.com\/en\/mental-health\/how-much-chronic-anxiety-is-there-in-spain\/","og_locale":"en_US","og_type":"article","og_title":"\u00bfCu\u00e1nta ansiedad cr\u00f3nica hay en Espa\u00f1a? | Vitals Today","og_description":"En Espa\u00f1a, el 6,6 por ciento de los adultos declara padecer ansiedad cr\u00f3nica, seg\u00fan la Encuesta de Salud de Espa\u00f1a 2023. En mujeres la cifra es del 9 por ciento y en hombres del 4,1 por ciento.","og_url":"https:\/\/vitalstoday.com\/en\/mental-health\/how-much-chronic-anxiety-is-there-in-spain\/","og_site_name":"Vitals Today","article_publisher":"https:\/\/www.facebook.com\/VitalsToday\/","article_published_time":"2026-03-08T06:25:00+00:00","og_image":[{"width":750,"height":375,"url":"https:\/\/vitalstoday.com\/wp-content\/uploads\/Diseno-sin-titulo-copia-2.jpg","type":"image\/jpeg"}],"author":"Raquel Hernandez","twitter_card":"summary_large_image","twitter_creator":"@VitalsToday","twitter_site":"@VitalsToday","twitter_misc":{"Written by":"Raquel Hernandez","Est. reading time":"3 minutes"},"schema":{"@context":"https:\/\/schema.org","@graph":[{"@type":"Article","@id":"https:\/\/vitalstoday.com\/salud-mental\/cuanta-ansiedad-cronica-hay-en-espana\/#article","isPartOf":{"@id":"https:\/\/vitalstoday.com\/salud-mental\/cuanta-ansiedad-cronica-hay-en-espana\/"},"author":{"name":"Raquel Hernandez","@id":"https:\/\/vitalstoday.com\/#\/schema\/person\/80d4eb419238abd54a378eec27dce261"},"headline":"\u00bfCu\u00e1nta ansiedad cr\u00f3nica hay en Espa\u00f1a?","datePublished":"2026-03-08T06:25:00+00:00","mainEntityOfPage":{"@id":"https:\/\/vitalstoday.com\/salud-mental\/cuanta-ansiedad-cronica-hay-en-espana\/"},"wordCount":531,"publisher":{"@id":"https:\/\/vitalstoday.com\/#organization"},"image":{"@id":"https:\/\/vitalstoday.com\/salud-mental\/cuanta-ansiedad-cronica-hay-en-espana\/#primaryimage"},"thumbnailUrl":"https:\/\/vitalstoday.com\/wp-content\/uploads\/Diseno-sin-titulo-copia-2.jpg","keywords":["Ansiedad"],"articleSection":["Salud Mental"],"inLanguage":"en-US"},{"@type":"WebPage","@id":"https:\/\/vitalstoday.com\/salud-mental\/cuanta-ansiedad-cronica-hay-en-espana\/","url":"https:\/\/vitalstoday.com\/salud-mental\/cuanta-ansiedad-cronica-hay-en-espana\/","name":"How much chronic anxiety is there in Spain? | Vitals Today","isPartOf":{"@id":"https:\/\/vitalstoday.com\/#website"},"primaryImageOfPage":{"@id":"https:\/\/vitalstoday.com\/salud-mental\/cuanta-ansiedad-cronica-hay-en-espana\/#primaryimage"},"image":{"@id":"https:\/\/vitalstoday.com\/salud-mental\/cuanta-ansiedad-cronica-hay-en-espana\/#primaryimage"},"thumbnailUrl":"https:\/\/vitalstoday.com\/wp-content\/uploads\/Diseno-sin-titulo-copia-2.jpg","datePublished":"2026-03-08T06:25:00+00:00","description":"In Spain, 6.6 percent of adults report suffering from chronic anxiety, according to the 2023 Spanish Health Survey. The figure is 9 percent for women and 4.1 percent for men.","breadcrumb":{"@id":"https:\/\/vitalstoday.com\/salud-mental\/cuanta-ansiedad-cronica-hay-en-espana\/#breadcrumb"},"inLanguage":"en-US","potentialAction":[{"@type":"ReadAction","target":["https:\/\/vitalstoday.com\/salud-mental\/cuanta-ansiedad-cronica-hay-en-espana\/"]}]},{"@type":"ImageObject","inLanguage":"en-US","@id":"https:\/\/vitalstoday.com\/salud-mental\/cuanta-ansiedad-cronica-hay-en-espana\/#primaryimage","url":"https:\/\/vitalstoday.com\/wp-content\/uploads\/Diseno-sin-titulo-copia-2.jpg","contentUrl":"https:\/\/vitalstoday.com\/wp-content\/uploads\/Diseno-sin-titulo-copia-2.jpg","width":750,"height":375,"caption":"Canva"},{"@type":"BreadcrumbList","@id":"https:\/\/vitalstoday.com\/salud-mental\/cuanta-ansiedad-cronica-hay-en-espana\/#breadcrumb","itemListElement":[{"@type":"ListItem","position":1,"name":"Salud Mental","item":"https:\/\/vitalstoday.com\/category\/salud-mental\/"},{"@type":"ListItem","position":2,"name":"\u00bfCu\u00e1nta ansiedad cr\u00f3nica hay en Espa\u00f1a?"}]},{"@type":"WebSite","@id":"https:\/\/vitalstoday.com\/#website","url":"https:\/\/vitalstoday.com\/","name":"Vitals Today","description":"Your guide to understanding medications and taking care of your health, wherever you are","publisher":{"@id":"https:\/\/vitalstoday.com\/#organization"},"alternateName":"VitalsToday","potentialAction":[{"@type":"SearchAction","target":{"@type":"EntryPoint","urlTemplate":"https:\/\/vitalstoday.com\/?s={search_term_string}"},"query-input":{"@type":"PropertyValueSpecification","valueRequired":true,"valueName":"search_term_string"}}],"inLanguage":"en-US"},{"@type":"Organization","@id":"https:\/\/vitalstoday.com\/#organization","name":"Vitals Today","url":"https:\/\/vitalstoday.com\/","logo":{"@type":"ImageObject","inLanguage":"en-US","@id":"https:\/\/vitalstoday.com\/#\/schema\/logo\/image\/","url":"https:\/\/vitalstoday.com\/wp-content\/uploads\/cropped-VitalsToday_Green_Transparent_TextSame_512.png","contentUrl":"https:\/\/vitalstoday.com\/wp-content\/uploads\/cropped-VitalsToday_Green_Transparent_TextSame_512.png","width":512,"height":512,"caption":"Vitals Today"},"image":{"@id":"https:\/\/vitalstoday.com\/#\/schema\/logo\/image\/"},"sameAs":["https:\/\/www.facebook.com\/VitalsToday\/","https:\/\/x.com\/VitalsToday","https:\/\/www.linkedin.com\/company\/vitals-today","https:\/\/bsky.app\/profile\/vitalstoday.bsky.social"]},{"@type":"Person","@id":"https:\/\/vitalstoday.com\/#\/schema\/person\/80d4eb419238abd54a378eec27dce261","name":"Raquel Hernandez","description":"Our mental health and scientific outreach expert. With a deep commitment to emotional well-being, Raquel writes about recent research, relevant discoveries and essential topics related to mental health.","url":"https:\/\/vitalstoday.com\/en\/author\/raquelhernandez01\/"}]}},"jetpack_publicize_connections":[],"jetpack_featured_media_url":"https:\/\/vitalstoday.com\/wp-content\/uploads\/Diseno-sin-titulo-copia-2.jpg","jetpack_sharing_enabled":true,"_links":{"self":[{"href":"https:\/\/vitalstoday.com\/en\/wp-json\/wp\/v2\/posts\/5566","targetHints":{"allow":["GET"]}}],"collection":[{"href":"https:\/\/vitalstoday.com\/en\/wp-json\/wp\/v2\/posts"}],"about":[{"href":"https:\/\/vitalstoday.com\/en\/wp-json\/wp\/v2\/types\/post"}],"author":[{"embeddable":true,"href":"https:\/\/vitalstoday.com\/en\/wp-json\/wp\/v2\/users\/257725347"}],"replies":[{"embeddable":true,"href":"https:\/\/vitalstoday.com\/en\/wp-json\/wp\/v2\/comments?post=5566"}],"version-history":[{"count":3,"href":"https:\/\/vitalstoday.com\/en\/wp-json\/wp\/v2\/posts\/5566\/revisions"}],"predecessor-version":[{"id":5605,"href":"https:\/\/vitalstoday.com\/en\/wp-json\/wp\/v2\/posts\/5566\/revisions\/5605"}],"wp:featuredmedia":[{"embeddable":true,"href":"https:\/\/vitalstoday.com\/en\/wp-json\/wp\/v2\/media\/5598"}],"wp:attachment":[{"href":"https:\/\/vitalstoday.com\/en\/wp-json\/wp\/v2\/media?parent=5566"}],"wp:term":[{"taxonomy":"category","embeddable":true,"href":"https:\/\/vitalstoday.com\/en\/wp-json\/wp\/v2\/categories?post=5566"},{"taxonomy":"post_tag","embeddable":true,"href":"https:\/\/vitalstoday.com\/en\/wp-json\/wp\/v2\/tags?post=5566"}],"curies":[{"name":"wp","href":"https:\/\/api.w.org\/{rel}","templated":true}]}}