{"id":5644,"date":"2026-03-13T08:00:00","date_gmt":"2026-03-13T07:00:00","guid":{"rendered":"https:\/\/vitalstoday.com\/?p=5644"},"modified":"2026-03-11T23:54:13","modified_gmt":"2026-03-11T22:54:13","slug":"why-is-work-related-stress-a-concern-in-spain","status":"publish","type":"post","link":"https:\/\/vitalstoday.com\/en\/salud-mental\/por-que-preocupa-el-estres-laboral-en-espana\/","title":{"rendered":"Why is work-related stress a concern in Spain?"},"content":{"rendered":"<p>In Spain, work-related stress is a growing concern because the impact of mental health at work is no longer seen as a minor issue. Official sources place it within the context of increasing pressure on the working population and on the healthcare system itself.<\/p>\n\n\n\n<h2 class=\"wp-block-heading\">What does it mean to talk about work-related stress in Spain?<\/h2>\n\n\n\n\n\n<\/p>\n<p data-no-translation\">For the <a href=\"https:\/\/www.who.int\/news-room\/fact-sheets\/detail\/mental-health-at-work\">WHO<\/a>, work can protect mental health, but it can also harm it when there is overload, insecurity, violence or little control over the job.<\/p>\n<p>\n\n\n\n\n\n\n<p>That distinction is very important. It&#039;s not just about feeling tired at the end of the day, but about a set of working conditions that can erode emotional well-being and ultimately lead to seeking medical help or taking sick leave.<\/p>\n\n\n\n<h2 class=\"wp-block-heading\">What official data explains the concern?<\/h2>\n\n\n\n<p>The INSST (National Institute for Safety and Health at Work) states that mental disorders are now the second leading cause of temporary disability in Spain. In the same update, it emphasizes that depression is the most frequent reason for work incapacity lasting more than fifteen days.<\/p>\n\n\n\n<p>That same official framework also points to a very sharp increase in sick leave due to emotional symptoms, diagnoses of severe stress, and anxiety disorders between 2018 and 2024. The interpretation is clear: the problem has gained real weight.<\/p>\n\n\n\n<h2 class=\"wp-block-heading\">Why is the focus no longer solely on the person?<\/h2>\n\n\n\n<p>In 2025, the Ministry of Health presented a specific roadmap on work and mental health. The document shifts the debate from a purely individual perspective to the impact of precarious employment, excessive workload, insecurity, and harassment.<\/p>\n\n\n\n<p>This change of focus avoids reducing everything to personal resilience or temporary discomfort. The central idea is that some psychological suffering can originate or worsen in the workplace, and therefore needs to be better identified.<\/p>\n\n\n\n<h2 class=\"wp-block-heading\">How does the healthcare system intend to respond?<\/h2>\n\n\n\n<p>The roadmap proposes three practical steps within the healthcare system. The first is to inquire more systematically about working conditions when psychological distress arises that may be related to employment.<\/p>\n\n\n\n<p>The second step is to assess whether there is reasonable suspicion of a work-related origin. The third is to document these factors in the medical record using codes that improve care and, at the same time, generate better aggregated data.<\/p>\n\n\n\n<h2 class=\"wp-block-heading\">What place does this occupy in Spanish health policy?<\/h2>\n\n\n\n<p>The Mental Health Action Plan 2025-2027 includes strengthening human resources in mental health as a priority. Psychiatry, clinical psychology, and specialized nursing are identified as areas the system aims to reinforce.<\/p>\n\n\n\n<p>This doesn&#039;t mean there&#039;s a quick or uniform solution across Spain. It does indicate that mental health is being treated as a structural need, even when work acts as a trigger or perpetuating factor in distress.<\/p>\n\n\n\n<h2 class=\"wp-block-heading\">What useful lessons can be learned from this topic for those who live or work in Spain?<\/h2>\n\n\n\n<p>The most useful takeaway is that work-related stress in Spain is no longer seen solely as a private problem that each person must resolve on their own. Health institutions and international organizations now consider it a factor in the realities of employment.<\/p>\n\n\n\n\n\n<\/p>\n<p data-no-translation\">When distress lasts, many people end up talking to their GP, a <a href=\"https:\/\/vitalstoday.com\/en\/mental-health\/how-can-i-see-a-psychologist-through-the-public-healthcare-system-in-spain\/\">psychologist<\/a> or psychiatry services. Understanding that pathway helps place the issue in context and with less self-blame.<\/p>\n<p>\n\n\n\n\n\n\n<p><em>This text is for informational purposes only and does not replace medical advice. If psychological distress persists or affects your daily life, always consult a healthcare professional.<\/em><\/p>","protected":false},"excerpt":{"rendered":"<p>En Espa\u00f1a el estr\u00e9s laboral preocupa porque el impacto de la salud mental en el trabajo ya no se ve como un problema menor. Las fuentes oficiales lo sit\u00faan dentro de una presi\u00f3n creciente sobre la poblaci\u00f3n trabajadora y sobre el propio sistema sanitario. \u00bfQu\u00e9 significa hablar de estr\u00e9s laboral en Espa\u00f1a? Ese matiz importa [&hellip;]<\/p>\n","protected":false},"author":257725347,"featured_media":5707,"comment_status":"closed","ping_status":"closed","sticky":false,"template":"","format":"standard","meta":{"_stopmodifiedupdate":false,"_modified_date":"","_jetpack_memberships_contains_paid_content":false,"jnews-multi-image_gallery":[],"jnews_single_post":{"format":"standard","override":[{"template":"1","parallax":"1","layout":"right-sidebar","sidebar":"default-sidebar","second_sidebar":"default-sidebar","share_position":"float","share_float_style":"share-normal","show_share_counter":"1","show_view_counter":"1","show_featured":"1","show_post_meta":"1","show_post_author":"1","show_post_date":"1","post_date_format":"default","post_date_format_custom":"Y\/m\/d","show_post_reading_time":"1","post_reading_time_wpm":"300","post_calculate_word_method":"str_word_count","zoom_button_out_step":"2","zoom_button_in_step":"3","show_post_tag":"1","show_prev_next_post":"1","number_popup_post":"1","show_post_related":"1"}],"image_override":[{"single_post_thumbnail_size":"crop-500","single_post_gallery_size":"crop-500"}],"trending_post_position":"meta","trending_post_label":"Trending","sponsored_post_label":"Sponsored by","disable_ad":"0","subtitle":"Datos oficiales recientes y enfoque institucional sobre por qu\u00e9 el estr\u00e9s laboral ha pasado a ocupar un lugar estable en el debate sanitario y preventivo en Espa\u00f1a."},"jnews_primary_category":[],"jnews_override_counter":{"view_counter_number":"0","share_counter_number":"0","like_counter_number":"0","dislike_counter_number":"0"},"footnotes":"","jetpack_publicize_message":"","jetpack_publicize_feature_enabled":true,"jetpack_social_post_already_shared":true,"jetpack_social_options":{"image_generator_settings":{"template":"highway","default_image_id":0,"font":"","enabled":false},"version":2}},"categories":[215],"tags":[230,39],"class_list":["post-5644","post","type-post","status-publish","format-standard","has-post-thumbnail","hentry","category-salud-mental","tag-ansiedad","tag-espana"],"yoast_head":"<!-- This site is optimized with the Yoast SEO plugin v27.5 - https:\/\/yoast.com\/product\/yoast-seo-wordpress\/ -->\n<title>\u00bfPor qu\u00e9 preocupa el estr\u00e9s laboral en Espa\u00f1a? | Vitals Today<\/title>\n<meta name=\"description\" content=\"En Espa\u00f1a el estr\u00e9s laboral preocupa porque el impacto de la salud mental en el trabajo ya no se ve como un problema menor. Las fuentes oficiales lo sit\u00faan dentro de una presi\u00f3n creciente sobre la poblaci\u00f3n trabajadora y sobre el propio sistema sanitario.\" \/>\n<meta name=\"robots\" content=\"index, follow, max-snippet:-1, max-image-preview:large, max-video-preview:-1\" \/>\n<link rel=\"canonical\" href=\"https:\/\/vitalstoday.com\/en\/mental-health\/why-is-work-related-stress-a-concern-in-spain\/\" \/>\n<meta property=\"og:locale\" content=\"en_US\" \/>\n<meta property=\"og:type\" content=\"article\" \/>\n<meta property=\"og:title\" content=\"\u00bfPor qu\u00e9 preocupa el estr\u00e9s laboral en Espa\u00f1a? | Vitals Today\" \/>\n<meta property=\"og:description\" content=\"En Espa\u00f1a el estr\u00e9s laboral preocupa porque el impacto de la salud mental en el trabajo ya no se ve como un problema menor. Las fuentes oficiales lo sit\u00faan dentro de una presi\u00f3n creciente sobre la poblaci\u00f3n trabajadora y sobre el propio sistema sanitario.\" \/>\n<meta property=\"og:url\" content=\"https:\/\/vitalstoday.com\/en\/mental-health\/why-is-work-related-stress-a-concern-in-spain\/\" \/>\n<meta property=\"og:site_name\" content=\"Vitals Today\" \/>\n<meta property=\"article:publisher\" content=\"https:\/\/www.facebook.com\/VitalsToday\/\" \/>\n<meta property=\"article:published_time\" content=\"2026-03-13T07:00:00+00:00\" \/>\n<meta property=\"og:image\" content=\"https:\/\/vitalstoday.com\/wp-content\/uploads\/FOTOS-VITAL-TODAY-copia-2-4.jpg\" \/>\n\t<meta property=\"og:image:width\" content=\"900\" \/>\n\t<meta property=\"og:image:height\" content=\"600\" \/>\n\t<meta property=\"og:image:type\" content=\"image\/jpeg\" \/>\n<meta name=\"author\" content=\"Raquel Hernandez\" \/>\n<meta name=\"twitter:card\" content=\"summary_large_image\" \/>\n<meta name=\"twitter:creator\" content=\"@VitalsToday\" \/>\n<meta name=\"twitter:site\" content=\"@VitalsToday\" \/>\n<meta name=\"twitter:label1\" content=\"Written by\" \/>\n\t<meta name=\"twitter:data1\" content=\"Raquel Hernandez\" \/>\n\t<meta name=\"twitter:label2\" content=\"Est. reading time\" \/>\n\t<meta name=\"twitter:data2\" content=\"4 minutes\" \/>\n<script type=\"application\/ld+json\" class=\"yoast-schema-graph\">{\"@context\":\"https:\\\/\\\/schema.org\",\"@graph\":[{\"@type\":\"Article\",\"@id\":\"https:\\\/\\\/vitalstoday.com\\\/salud-mental\\\/por-que-preocupa-el-estres-laboral-en-espana\\\/#article\",\"isPartOf\":{\"@id\":\"https:\\\/\\\/vitalstoday.com\\\/salud-mental\\\/por-que-preocupa-el-estres-laboral-en-espana\\\/\"},\"author\":{\"name\":\"Raquel Hernandez\",\"@id\":\"https:\\\/\\\/vitalstoday.com\\\/#\\\/schema\\\/person\\\/80d4eb419238abd54a378eec27dce261\"},\"headline\":\"\u00bfPor qu\u00e9 preocupa el estr\u00e9s laboral en Espa\u00f1a?\",\"datePublished\":\"2026-03-13T07:00:00+00:00\",\"mainEntityOfPage\":{\"@id\":\"https:\\\/\\\/vitalstoday.com\\\/salud-mental\\\/por-que-preocupa-el-estres-laboral-en-espana\\\/\"},\"wordCount\":73,\"publisher\":{\"@id\":\"https:\\\/\\\/vitalstoday.com\\\/#organization\"},\"image\":{\"@id\":\"https:\\\/\\\/vitalstoday.com\\\/salud-mental\\\/por-que-preocupa-el-estres-laboral-en-espana\\\/#primaryimage\"},\"thumbnailUrl\":\"https:\\\/\\\/vitalstoday.com\\\/wp-content\\\/uploads\\\/FOTOS-VITAL-TODAY-copia-2-4.jpg\",\"keywords\":[\"Ansiedad\",\"Espa\u00f1a\"],\"articleSection\":[\"Salud Mental\"],\"inLanguage\":\"en-US\"},{\"@type\":\"WebPage\",\"@id\":\"https:\\\/\\\/vitalstoday.com\\\/salud-mental\\\/por-que-preocupa-el-estres-laboral-en-espana\\\/\",\"url\":\"https:\\\/\\\/vitalstoday.com\\\/salud-mental\\\/por-que-preocupa-el-estres-laboral-en-espana\\\/\",\"name\":\"\u00bfPor qu\u00e9 preocupa el estr\u00e9s laboral en Espa\u00f1a? | Vitals Today\",\"isPartOf\":{\"@id\":\"https:\\\/\\\/vitalstoday.com\\\/#website\"},\"primaryImageOfPage\":{\"@id\":\"https:\\\/\\\/vitalstoday.com\\\/salud-mental\\\/por-que-preocupa-el-estres-laboral-en-espana\\\/#primaryimage\"},\"image\":{\"@id\":\"https:\\\/\\\/vitalstoday.com\\\/salud-mental\\\/por-que-preocupa-el-estres-laboral-en-espana\\\/#primaryimage\"},\"thumbnailUrl\":\"https:\\\/\\\/vitalstoday.com\\\/wp-content\\\/uploads\\\/FOTOS-VITAL-TODAY-copia-2-4.jpg\",\"datePublished\":\"2026-03-13T07:00:00+00:00\",\"description\":\"En Espa\u00f1a el estr\u00e9s laboral preocupa porque el impacto de la salud mental en el trabajo ya no se ve como un problema menor. Las fuentes oficiales lo sit\u00faan dentro de una presi\u00f3n creciente sobre la poblaci\u00f3n trabajadora y sobre el propio sistema sanitario.\",\"breadcrumb\":{\"@id\":\"https:\\\/\\\/vitalstoday.com\\\/salud-mental\\\/por-que-preocupa-el-estres-laboral-en-espana\\\/#breadcrumb\"},\"inLanguage\":\"en-US\",\"potentialAction\":[{\"@type\":\"ReadAction\",\"target\":[\"https:\\\/\\\/vitalstoday.com\\\/salud-mental\\\/por-que-preocupa-el-estres-laboral-en-espana\\\/\"]}]},{\"@type\":\"ImageObject\",\"inLanguage\":\"en-US\",\"@id\":\"https:\\\/\\\/vitalstoday.com\\\/salud-mental\\\/por-que-preocupa-el-estres-laboral-en-espana\\\/#primaryimage\",\"url\":\"https:\\\/\\\/vitalstoday.com\\\/wp-content\\\/uploads\\\/FOTOS-VITAL-TODAY-copia-2-4.jpg\",\"contentUrl\":\"https:\\\/\\\/vitalstoday.com\\\/wp-content\\\/uploads\\\/FOTOS-VITAL-TODAY-copia-2-4.jpg\",\"width\":900,\"height\":600,\"caption\":\"Canva\"},{\"@type\":\"BreadcrumbList\",\"@id\":\"https:\\\/\\\/vitalstoday.com\\\/salud-mental\\\/por-que-preocupa-el-estres-laboral-en-espana\\\/#breadcrumb\",\"itemListElement\":[{\"@type\":\"ListItem\",\"position\":1,\"name\":\"Salud Mental\",\"item\":\"https:\\\/\\\/vitalstoday.com\\\/category\\\/salud-mental\\\/\"},{\"@type\":\"ListItem\",\"position\":2,\"name\":\"\u00bfPor qu\u00e9 preocupa el estr\u00e9s laboral en Espa\u00f1a?\"}]},{\"@type\":\"WebSite\",\"@id\":\"https:\\\/\\\/vitalstoday.com\\\/#website\",\"url\":\"https:\\\/\\\/vitalstoday.com\\\/\",\"name\":\"Vitals Today\",\"description\":\"Tu gu\u00eda para entender los medicamentos y cuidar tu salud, est\u00e9s donde est\u00e9s\",\"publisher\":{\"@id\":\"https:\\\/\\\/vitalstoday.com\\\/#organization\"},\"alternateName\":\"VitalsToday\",\"potentialAction\":[{\"@type\":\"SearchAction\",\"target\":{\"@type\":\"EntryPoint\",\"urlTemplate\":\"https:\\\/\\\/vitalstoday.com\\\/?s={search_term_string}\"},\"query-input\":{\"@type\":\"PropertyValueSpecification\",\"valueRequired\":true,\"valueName\":\"search_term_string\"}}],\"inLanguage\":\"en-US\"},{\"@type\":\"Organization\",\"@id\":\"https:\\\/\\\/vitalstoday.com\\\/#organization\",\"name\":\"Vitals Today\",\"url\":\"https:\\\/\\\/vitalstoday.com\\\/\",\"logo\":{\"@type\":\"ImageObject\",\"inLanguage\":\"en-US\",\"@id\":\"https:\\\/\\\/vitalstoday.com\\\/#\\\/schema\\\/logo\\\/image\\\/\",\"url\":\"https:\\\/\\\/vitalstoday.com\\\/wp-content\\\/uploads\\\/cropped-VitalsToday_Green_Transparent_TextSame_512.png\",\"contentUrl\":\"https:\\\/\\\/vitalstoday.com\\\/wp-content\\\/uploads\\\/cropped-VitalsToday_Green_Transparent_TextSame_512.png\",\"width\":512,\"height\":512,\"caption\":\"Vitals Today\"},\"image\":{\"@id\":\"https:\\\/\\\/vitalstoday.com\\\/#\\\/schema\\\/logo\\\/image\\\/\"},\"sameAs\":[\"https:\\\/\\\/www.facebook.com\\\/VitalsToday\\\/\",\"https:\\\/\\\/x.com\\\/VitalsToday\",\"https:\\\/\\\/www.linkedin.com\\\/company\\\/vitals-today\",\"https:\\\/\\\/bsky.app\\\/profile\\\/vitalstoday.bsky.social\"]},{\"@type\":\"Person\",\"@id\":\"https:\\\/\\\/vitalstoday.com\\\/#\\\/schema\\\/person\\\/80d4eb419238abd54a378eec27dce261\",\"name\":\"Raquel Hernandez\",\"description\":\"Nuestra experta en salud mental y divulgaci\u00f3n cient\u00edfica. Con un profundo compromiso por el bienestar emocional, Raquel escribe sobre investigaciones recientes, descubrimientos relevantes y temas esenciales relacionados con la salud mental.\",\"url\":\"https:\\\/\\\/vitalstoday.com\\\/en\\\/author\\\/raquelhernandez01\\\/\"}]}<\/script>\n<!-- \/ Yoast SEO plugin. -->","yoast_head_json":{"title":"Why is work-related stress a concern in Spain? | Vitals Today","description":"In Spain, work-related stress is a growing concern because the impact of mental health at work is no longer seen as a minor issue. Official sources place it within the context of increasing pressure on the working population and on the healthcare system itself.","robots":{"index":"index","follow":"follow","max-snippet":"max-snippet:-1","max-image-preview":"max-image-preview:large","max-video-preview":"max-video-preview:-1"},"canonical":"https:\/\/vitalstoday.com\/en\/mental-health\/why-is-work-related-stress-a-concern-in-spain\/","og_locale":"en_US","og_type":"article","og_title":"\u00bfPor qu\u00e9 preocupa el estr\u00e9s laboral en Espa\u00f1a? | Vitals Today","og_description":"En Espa\u00f1a el estr\u00e9s laboral preocupa porque el impacto de la salud mental en el trabajo ya no se ve como un problema menor. Las fuentes oficiales lo sit\u00faan dentro de una presi\u00f3n creciente sobre la poblaci\u00f3n trabajadora y sobre el propio sistema sanitario.","og_url":"https:\/\/vitalstoday.com\/en\/mental-health\/why-is-work-related-stress-a-concern-in-spain\/","og_site_name":"Vitals Today","article_publisher":"https:\/\/www.facebook.com\/VitalsToday\/","article_published_time":"2026-03-13T07:00:00+00:00","og_image":[{"width":900,"height":600,"url":"https:\/\/vitalstoday.com\/wp-content\/uploads\/FOTOS-VITAL-TODAY-copia-2-4.jpg","type":"image\/jpeg"}],"author":"Raquel Hernandez","twitter_card":"summary_large_image","twitter_creator":"@VitalsToday","twitter_site":"@VitalsToday","twitter_misc":{"Written by":"Raquel Hernandez","Est. reading time":"4 minutes"},"schema":{"@context":"https:\/\/schema.org","@graph":[{"@type":"Article","@id":"https:\/\/vitalstoday.com\/salud-mental\/por-que-preocupa-el-estres-laboral-en-espana\/#article","isPartOf":{"@id":"https:\/\/vitalstoday.com\/salud-mental\/por-que-preocupa-el-estres-laboral-en-espana\/"},"author":{"name":"Raquel Hernandez","@id":"https:\/\/vitalstoday.com\/#\/schema\/person\/80d4eb419238abd54a378eec27dce261"},"headline":"\u00bfPor qu\u00e9 preocupa el estr\u00e9s laboral en Espa\u00f1a?","datePublished":"2026-03-13T07:00:00+00:00","mainEntityOfPage":{"@id":"https:\/\/vitalstoday.com\/salud-mental\/por-que-preocupa-el-estres-laboral-en-espana\/"},"wordCount":73,"publisher":{"@id":"https:\/\/vitalstoday.com\/#organization"},"image":{"@id":"https:\/\/vitalstoday.com\/salud-mental\/por-que-preocupa-el-estres-laboral-en-espana\/#primaryimage"},"thumbnailUrl":"https:\/\/vitalstoday.com\/wp-content\/uploads\/FOTOS-VITAL-TODAY-copia-2-4.jpg","keywords":["Ansiedad","Espa\u00f1a"],"articleSection":["Salud Mental"],"inLanguage":"en-US"},{"@type":"WebPage","@id":"https:\/\/vitalstoday.com\/salud-mental\/por-que-preocupa-el-estres-laboral-en-espana\/","url":"https:\/\/vitalstoday.com\/salud-mental\/por-que-preocupa-el-estres-laboral-en-espana\/","name":"Why is work-related stress a concern in Spain? | Vitals Today","isPartOf":{"@id":"https:\/\/vitalstoday.com\/#website"},"primaryImageOfPage":{"@id":"https:\/\/vitalstoday.com\/salud-mental\/por-que-preocupa-el-estres-laboral-en-espana\/#primaryimage"},"image":{"@id":"https:\/\/vitalstoday.com\/salud-mental\/por-que-preocupa-el-estres-laboral-en-espana\/#primaryimage"},"thumbnailUrl":"https:\/\/vitalstoday.com\/wp-content\/uploads\/FOTOS-VITAL-TODAY-copia-2-4.jpg","datePublished":"2026-03-13T07:00:00+00:00","description":"In Spain, work-related stress is a growing concern because the impact of mental health at work is no longer seen as a minor issue. Official sources place it within the context of increasing pressure on the working population and on the healthcare system itself.","breadcrumb":{"@id":"https:\/\/vitalstoday.com\/salud-mental\/por-que-preocupa-el-estres-laboral-en-espana\/#breadcrumb"},"inLanguage":"en-US","potentialAction":[{"@type":"ReadAction","target":["https:\/\/vitalstoday.com\/salud-mental\/por-que-preocupa-el-estres-laboral-en-espana\/"]}]},{"@type":"ImageObject","inLanguage":"en-US","@id":"https:\/\/vitalstoday.com\/salud-mental\/por-que-preocupa-el-estres-laboral-en-espana\/#primaryimage","url":"https:\/\/vitalstoday.com\/wp-content\/uploads\/FOTOS-VITAL-TODAY-copia-2-4.jpg","contentUrl":"https:\/\/vitalstoday.com\/wp-content\/uploads\/FOTOS-VITAL-TODAY-copia-2-4.jpg","width":900,"height":600,"caption":"Canva"},{"@type":"BreadcrumbList","@id":"https:\/\/vitalstoday.com\/salud-mental\/por-que-preocupa-el-estres-laboral-en-espana\/#breadcrumb","itemListElement":[{"@type":"ListItem","position":1,"name":"Salud Mental","item":"https:\/\/vitalstoday.com\/category\/salud-mental\/"},{"@type":"ListItem","position":2,"name":"\u00bfPor qu\u00e9 preocupa el estr\u00e9s laboral en Espa\u00f1a?"}]},{"@type":"WebSite","@id":"https:\/\/vitalstoday.com\/#website","url":"https:\/\/vitalstoday.com\/","name":"Vitals Today","description":"Your guide to understanding medications and taking care of your health, wherever you are","publisher":{"@id":"https:\/\/vitalstoday.com\/#organization"},"alternateName":"VitalsToday","potentialAction":[{"@type":"SearchAction","target":{"@type":"EntryPoint","urlTemplate":"https:\/\/vitalstoday.com\/?s={search_term_string}"},"query-input":{"@type":"PropertyValueSpecification","valueRequired":true,"valueName":"search_term_string"}}],"inLanguage":"en-US"},{"@type":"Organization","@id":"https:\/\/vitalstoday.com\/#organization","name":"Vitals Today","url":"https:\/\/vitalstoday.com\/","logo":{"@type":"ImageObject","inLanguage":"en-US","@id":"https:\/\/vitalstoday.com\/#\/schema\/logo\/image\/","url":"https:\/\/vitalstoday.com\/wp-content\/uploads\/cropped-VitalsToday_Green_Transparent_TextSame_512.png","contentUrl":"https:\/\/vitalstoday.com\/wp-content\/uploads\/cropped-VitalsToday_Green_Transparent_TextSame_512.png","width":512,"height":512,"caption":"Vitals Today"},"image":{"@id":"https:\/\/vitalstoday.com\/#\/schema\/logo\/image\/"},"sameAs":["https:\/\/www.facebook.com\/VitalsToday\/","https:\/\/x.com\/VitalsToday","https:\/\/www.linkedin.com\/company\/vitals-today","https:\/\/bsky.app\/profile\/vitalstoday.bsky.social"]},{"@type":"Person","@id":"https:\/\/vitalstoday.com\/#\/schema\/person\/80d4eb419238abd54a378eec27dce261","name":"Raquel Hernandez","description":"Our mental health and scientific outreach expert. With a deep commitment to emotional well-being, Raquel writes about recent research, relevant discoveries and essential topics related to mental health.","url":"https:\/\/vitalstoday.com\/en\/author\/raquelhernandez01\/"}]}},"jetpack_publicize_connections":[],"jetpack_featured_media_url":"https:\/\/vitalstoday.com\/wp-content\/uploads\/FOTOS-VITAL-TODAY-copia-2-4.jpg","jetpack_sharing_enabled":true,"_links":{"self":[{"href":"https:\/\/vitalstoday.com\/en\/wp-json\/wp\/v2\/posts\/5644","targetHints":{"allow":["GET"]}}],"collection":[{"href":"https:\/\/vitalstoday.com\/en\/wp-json\/wp\/v2\/posts"}],"about":[{"href":"https:\/\/vitalstoday.com\/en\/wp-json\/wp\/v2\/types\/post"}],"author":[{"embeddable":true,"href":"https:\/\/vitalstoday.com\/en\/wp-json\/wp\/v2\/users\/257725347"}],"replies":[{"embeddable":true,"href":"https:\/\/vitalstoday.com\/en\/wp-json\/wp\/v2\/comments?post=5644"}],"version-history":[{"count":2,"href":"https:\/\/vitalstoday.com\/en\/wp-json\/wp\/v2\/posts\/5644\/revisions"}],"predecessor-version":[{"id":5668,"href":"https:\/\/vitalstoday.com\/en\/wp-json\/wp\/v2\/posts\/5644\/revisions\/5668"}],"wp:featuredmedia":[{"embeddable":true,"href":"https:\/\/vitalstoday.com\/en\/wp-json\/wp\/v2\/media\/5707"}],"wp:attachment":[{"href":"https:\/\/vitalstoday.com\/en\/wp-json\/wp\/v2\/media?parent=5644"}],"wp:term":[{"taxonomy":"category","embeddable":true,"href":"https:\/\/vitalstoday.com\/en\/wp-json\/wp\/v2\/categories?post=5644"},{"taxonomy":"post_tag","embeddable":true,"href":"https:\/\/vitalstoday.com\/en\/wp-json\/wp\/v2\/tags?post=5644"}],"curies":[{"name":"wp","href":"https:\/\/api.w.org\/{rel}","templated":true}]}}