{"id":5682,"date":"2026-03-14T08:09:00","date_gmt":"2026-03-14T07:09:00","guid":{"rendered":"https:\/\/vitalstoday.com\/?p=5682"},"modified":"2026-03-11T23:58:53","modified_gmt":"2026-03-11T22:58:53","slug":"how-much-work-related-stress-is-there-in-spain","status":"publish","type":"post","link":"https:\/\/vitalstoday.com\/en\/salud-mental\/cuanto-estres-laboral-hay-en-espana\/","title":{"rendered":"How much work-related stress is there in Spain?"},"content":{"rendered":"<p>In Spain, around 401% of the working population links work with stress, depression, or anxiety, according to the European OSH Pulse 2025 survey. This figure is higher than the EU average, which stands at 291%.<\/p>\n\n\n\n<h2 class=\"wp-block-heading\">What are the statistics on work-related stress in Spain?<\/h2>\n\n\n\n<p>The most recent photograph does not speak of an isolated malaise, but of a broad and sustained problem that places Spain above the European average in work-related mental health.<\/p>\n\n\n\n\n\n<\/p>\n<p data-no-translation>The <a href=\"https:\/\/www.sanidad.gob.es\/areas\/calidadAsistencial\/estrategias\/saludMental\/docs\/Work_and_mental_health_a_roadmap.pdf\">Ministry of Health<\/a> already treats work as a key determinant of mental health and, when the problem makes it difficult to keep working normally, Spain may move toward <a href=\"https:\/\/vitalstoday.com\/en\/health\/how-to-request-sick-leave-in-spain-through-social-security\/\">sick leave<\/a> after a clinical assessment.<\/p>\n<p>\n\n\n\n\n\n\n<p>That figure doesn&#039;t mean that four out of ten people are on sick leave or have a formal diagnosis. It measures how many perceive that their work causes or worsens that discomfort, so it shouldn&#039;t be interpreted as definitive clinical data.<\/p>\n\n\n\n<h2 class=\"wp-block-heading\">Why isn&#039;t work-related stress just about pressure?<\/h2>\n\n\n\n<p>The technical documents of the INSST and the Ministry agree that work-related stress usually stems from organizational factors, such as excessive workload, high pace, low autonomy, irregular schedules or job insecurity.<\/p>\n\n\n\n<p>This explains why the debate has shifted its focus from individual resistance. Official Spanish evidence places the emphasis on how work is organized and the actual degree of control individuals have over their workday and tasks.<\/p>\n\n\n\n<h2 class=\"wp-block-heading\">What are the consequences for the Spanish system?<\/h2>\n\n\n\n<p>The impact is already reflected in public records. The INSST (National Institute for Safety and Health at Work) summarizes that mental disorders are the second leading cause of temporary disability in Spain, and that between 2018 and 2024, absences due to emotional symptoms and diagnoses of severe stress increased sharply.<\/p>\n\n\n\n<p>The Ministry of Health adds another relevant perspective. When job insecurity is reduced, some of the psychological harm associated with employment can also be reduced, making the problem a matter of public health and not just a business issue.<\/p>\n\n\n\n<h2 class=\"wp-block-heading\">Who is most affected and what options are available in Spain?<\/h2>\n\n\n\n<p>Official documentation underlines that the burden is not distributed equally and that women, young people, migrants and socially disadvantaged groups bear a greater exposure to more fragile or unpredictable working conditions.<\/p>\n\n\n\n<p>For those unfamiliar with the Spanish system, the framework combines workplace prevention, healthcare, and labor procedures. The key point is that work-related stress is not treated as a simple lack of resilience, but as a psychosocial risk that may require assessment, clinical documentation, and organizational measures.<\/p>\n\n\n\n<p><em>This text is for informational purposes only and does not replace medical advice. If mental distress interferes with your daily life or work, consult a healthcare professional and review the official information applicable in Spain.<\/em><\/p>","protected":false},"excerpt":{"rendered":"<p>En Espa\u00f1a, alrededor del 40% de la poblaci\u00f3n trabajadora vincula el trabajo con estr\u00e9s, depresi\u00f3n o ansiedad, seg\u00fan la encuesta europea OSH Pulse 2025. Es una cifra superior a la media de la UE, situada en el 29%. \u00bfQu\u00e9 cifra deja el estr\u00e9s laboral en Espa\u00f1a? La fotograf\u00eda m\u00e1s reciente no habla de un malestar [&hellip;]<\/p>\n","protected":false},"author":257725347,"featured_media":5709,"comment_status":"closed","ping_status":"closed","sticky":false,"template":"","format":"standard","meta":{"_stopmodifiedupdate":false,"_modified_date":"","_jetpack_memberships_contains_paid_content":false,"jnews-multi-image_gallery":[],"jnews_single_post":{"format":"standard","override":[{"template":"1","parallax":"1","layout":"right-sidebar","sidebar":"default-sidebar","second_sidebar":"default-sidebar","share_position":"float","share_float_style":"share-normal","show_share_counter":"1","show_view_counter":"1","show_featured":"1","show_post_meta":"1","show_post_author":"1","show_post_date":"1","post_date_format":"default","post_date_format_custom":"Y\/m\/d","show_post_reading_time":"1","post_reading_time_wpm":"300","post_calculate_word_method":"str_word_count","zoom_button_out_step":"2","zoom_button_in_step":"3","show_post_tag":"1","show_prev_next_post":"1","number_popup_post":"1","show_post_related":"1"}],"image_override":[{"single_post_thumbnail_size":"crop-500","single_post_gallery_size":"crop-500"}],"trending_post_position":"meta","trending_post_label":"Trending","sponsored_post_label":"Sponsored by","disable_ad":"0","subtitle":"Un repaso a los datos m\u00e1s recientes sobre estr\u00e9s laboral en Espa\u00f1a, sus causas m\u00e1s habituales y la forma en que este problema empieza a pesar sobre trabajadores, empresas y sistema sanitario."},"jnews_primary_category":[],"jnews_override_counter":{"view_counter_number":"0","share_counter_number":"0","like_counter_number":"0","dislike_counter_number":"0"},"footnotes":"","jetpack_publicize_message":"","jetpack_publicize_feature_enabled":true,"jetpack_social_post_already_shared":true,"jetpack_social_options":{"image_generator_settings":{"template":"highway","default_image_id":0,"font":"","enabled":false},"version":2}},"categories":[215],"tags":[230],"class_list":["post-5682","post","type-post","status-publish","format-standard","has-post-thumbnail","hentry","category-salud-mental","tag-ansiedad"],"yoast_head":"<!-- This site is optimized with the Yoast SEO plugin v27.5 - https:\/\/yoast.com\/product\/yoast-seo-wordpress\/ -->\n<title>\u00bfCu\u00e1nto estr\u00e9s laboral hay en Espa\u00f1a? | Vitals Today<\/title>\n<meta name=\"description\" content=\"En Espa\u00f1a, alrededor del 40% de la poblaci\u00f3n trabajadora vincula el trabajo con estr\u00e9s, depresi\u00f3n o ansiedad, seg\u00fan la encuesta europea OSH Pulse 2025. Es una cifra superior a la media de la UE, situada en el 29%.\" \/>\n<meta name=\"robots\" content=\"index, follow, max-snippet:-1, max-image-preview:large, max-video-preview:-1\" \/>\n<link rel=\"canonical\" href=\"https:\/\/vitalstoday.com\/en\/mental-health\/how-much-work-related-stress-is-there-in-spain\/\" \/>\n<meta property=\"og:locale\" content=\"en_US\" \/>\n<meta property=\"og:type\" content=\"article\" \/>\n<meta property=\"og:title\" content=\"\u00bfCu\u00e1nto estr\u00e9s laboral hay en Espa\u00f1a? | Vitals Today\" \/>\n<meta property=\"og:description\" content=\"En Espa\u00f1a, alrededor del 40% de la poblaci\u00f3n trabajadora vincula el trabajo con estr\u00e9s, depresi\u00f3n o ansiedad, seg\u00fan la encuesta europea OSH Pulse 2025. Es una cifra superior a la media de la UE, situada en el 29%.\" \/>\n<meta property=\"og:url\" content=\"https:\/\/vitalstoday.com\/en\/mental-health\/how-much-work-related-stress-is-there-in-spain\/\" \/>\n<meta property=\"og:site_name\" content=\"Vitals Today\" \/>\n<meta property=\"article:publisher\" content=\"https:\/\/www.facebook.com\/VitalsToday\/\" \/>\n<meta property=\"article:published_time\" content=\"2026-03-14T07:09:00+00:00\" \/>\n<meta property=\"og:image\" content=\"https:\/\/vitalstoday.com\/wp-content\/uploads\/FOTOS-VITAL-TODAY-copia-3-2.jpg\" \/>\n\t<meta property=\"og:image:width\" content=\"900\" \/>\n\t<meta property=\"og:image:height\" content=\"600\" \/>\n\t<meta property=\"og:image:type\" content=\"image\/jpeg\" \/>\n<meta name=\"author\" content=\"Raquel Hernandez\" \/>\n<meta name=\"twitter:card\" content=\"summary_large_image\" \/>\n<meta name=\"twitter:creator\" content=\"@VitalsToday\" \/>\n<meta name=\"twitter:site\" content=\"@VitalsToday\" \/>\n<meta name=\"twitter:label1\" content=\"Written by\" \/>\n\t<meta name=\"twitter:data1\" content=\"Raquel Hernandez\" \/>\n\t<meta name=\"twitter:label2\" content=\"Est. reading time\" \/>\n\t<meta name=\"twitter:data2\" content=\"3 minutes\" \/>\n<script type=\"application\/ld+json\" class=\"yoast-schema-graph\">{\"@context\":\"https:\\\/\\\/schema.org\",\"@graph\":[{\"@type\":\"Article\",\"@id\":\"https:\\\/\\\/vitalstoday.com\\\/salud-mental\\\/cuanto-estres-laboral-hay-en-espana\\\/#article\",\"isPartOf\":{\"@id\":\"https:\\\/\\\/vitalstoday.com\\\/salud-mental\\\/cuanto-estres-laboral-hay-en-espana\\\/\"},\"author\":{\"name\":\"Raquel Hernandez\",\"@id\":\"https:\\\/\\\/vitalstoday.com\\\/#\\\/schema\\\/person\\\/80d4eb419238abd54a378eec27dce261\"},\"headline\":\"\u00bfCu\u00e1nto estr\u00e9s laboral hay en Espa\u00f1a?\",\"datePublished\":\"2026-03-14T07:09:00+00:00\",\"mainEntityOfPage\":{\"@id\":\"https:\\\/\\\/vitalstoday.com\\\/salud-mental\\\/cuanto-estres-laboral-hay-en-espana\\\/\"},\"wordCount\":630,\"publisher\":{\"@id\":\"https:\\\/\\\/vitalstoday.com\\\/#organization\"},\"image\":{\"@id\":\"https:\\\/\\\/vitalstoday.com\\\/salud-mental\\\/cuanto-estres-laboral-hay-en-espana\\\/#primaryimage\"},\"thumbnailUrl\":\"https:\\\/\\\/vitalstoday.com\\\/wp-content\\\/uploads\\\/FOTOS-VITAL-TODAY-copia-3-2.jpg\",\"keywords\":[\"Ansiedad\"],\"articleSection\":[\"Salud Mental\"],\"inLanguage\":\"en-US\"},{\"@type\":\"WebPage\",\"@id\":\"https:\\\/\\\/vitalstoday.com\\\/salud-mental\\\/cuanto-estres-laboral-hay-en-espana\\\/\",\"url\":\"https:\\\/\\\/vitalstoday.com\\\/salud-mental\\\/cuanto-estres-laboral-hay-en-espana\\\/\",\"name\":\"\u00bfCu\u00e1nto estr\u00e9s laboral hay en Espa\u00f1a? | Vitals Today\",\"isPartOf\":{\"@id\":\"https:\\\/\\\/vitalstoday.com\\\/#website\"},\"primaryImageOfPage\":{\"@id\":\"https:\\\/\\\/vitalstoday.com\\\/salud-mental\\\/cuanto-estres-laboral-hay-en-espana\\\/#primaryimage\"},\"image\":{\"@id\":\"https:\\\/\\\/vitalstoday.com\\\/salud-mental\\\/cuanto-estres-laboral-hay-en-espana\\\/#primaryimage\"},\"thumbnailUrl\":\"https:\\\/\\\/vitalstoday.com\\\/wp-content\\\/uploads\\\/FOTOS-VITAL-TODAY-copia-3-2.jpg\",\"datePublished\":\"2026-03-14T07:09:00+00:00\",\"description\":\"En Espa\u00f1a, alrededor del 40% de la poblaci\u00f3n trabajadora vincula el trabajo con estr\u00e9s, depresi\u00f3n o ansiedad, seg\u00fan la encuesta europea OSH Pulse 2025. Es una cifra superior a la media de la UE, situada en el 29%.\",\"breadcrumb\":{\"@id\":\"https:\\\/\\\/vitalstoday.com\\\/salud-mental\\\/cuanto-estres-laboral-hay-en-espana\\\/#breadcrumb\"},\"inLanguage\":\"en-US\",\"potentialAction\":[{\"@type\":\"ReadAction\",\"target\":[\"https:\\\/\\\/vitalstoday.com\\\/salud-mental\\\/cuanto-estres-laboral-hay-en-espana\\\/\"]}]},{\"@type\":\"ImageObject\",\"inLanguage\":\"en-US\",\"@id\":\"https:\\\/\\\/vitalstoday.com\\\/salud-mental\\\/cuanto-estres-laboral-hay-en-espana\\\/#primaryimage\",\"url\":\"https:\\\/\\\/vitalstoday.com\\\/wp-content\\\/uploads\\\/FOTOS-VITAL-TODAY-copia-3-2.jpg\",\"contentUrl\":\"https:\\\/\\\/vitalstoday.com\\\/wp-content\\\/uploads\\\/FOTOS-VITAL-TODAY-copia-3-2.jpg\",\"width\":900,\"height\":600,\"caption\":\"Canva\"},{\"@type\":\"BreadcrumbList\",\"@id\":\"https:\\\/\\\/vitalstoday.com\\\/salud-mental\\\/cuanto-estres-laboral-hay-en-espana\\\/#breadcrumb\",\"itemListElement\":[{\"@type\":\"ListItem\",\"position\":1,\"name\":\"Salud Mental\",\"item\":\"https:\\\/\\\/vitalstoday.com\\\/category\\\/salud-mental\\\/\"},{\"@type\":\"ListItem\",\"position\":2,\"name\":\"\u00bfCu\u00e1nto estr\u00e9s laboral hay en Espa\u00f1a?\"}]},{\"@type\":\"WebSite\",\"@id\":\"https:\\\/\\\/vitalstoday.com\\\/#website\",\"url\":\"https:\\\/\\\/vitalstoday.com\\\/\",\"name\":\"Vitals Today\",\"description\":\"Tu gu\u00eda para entender los medicamentos y cuidar tu salud, est\u00e9s donde est\u00e9s\",\"publisher\":{\"@id\":\"https:\\\/\\\/vitalstoday.com\\\/#organization\"},\"alternateName\":\"VitalsToday\",\"potentialAction\":[{\"@type\":\"SearchAction\",\"target\":{\"@type\":\"EntryPoint\",\"urlTemplate\":\"https:\\\/\\\/vitalstoday.com\\\/?s={search_term_string}\"},\"query-input\":{\"@type\":\"PropertyValueSpecification\",\"valueRequired\":true,\"valueName\":\"search_term_string\"}}],\"inLanguage\":\"en-US\"},{\"@type\":\"Organization\",\"@id\":\"https:\\\/\\\/vitalstoday.com\\\/#organization\",\"name\":\"Vitals Today\",\"url\":\"https:\\\/\\\/vitalstoday.com\\\/\",\"logo\":{\"@type\":\"ImageObject\",\"inLanguage\":\"en-US\",\"@id\":\"https:\\\/\\\/vitalstoday.com\\\/#\\\/schema\\\/logo\\\/image\\\/\",\"url\":\"https:\\\/\\\/vitalstoday.com\\\/wp-content\\\/uploads\\\/cropped-VitalsToday_Green_Transparent_TextSame_512.png\",\"contentUrl\":\"https:\\\/\\\/vitalstoday.com\\\/wp-content\\\/uploads\\\/cropped-VitalsToday_Green_Transparent_TextSame_512.png\",\"width\":512,\"height\":512,\"caption\":\"Vitals Today\"},\"image\":{\"@id\":\"https:\\\/\\\/vitalstoday.com\\\/#\\\/schema\\\/logo\\\/image\\\/\"},\"sameAs\":[\"https:\\\/\\\/www.facebook.com\\\/VitalsToday\\\/\",\"https:\\\/\\\/x.com\\\/VitalsToday\",\"https:\\\/\\\/www.linkedin.com\\\/company\\\/vitals-today\",\"https:\\\/\\\/bsky.app\\\/profile\\\/vitalstoday.bsky.social\"]},{\"@type\":\"Person\",\"@id\":\"https:\\\/\\\/vitalstoday.com\\\/#\\\/schema\\\/person\\\/80d4eb419238abd54a378eec27dce261\",\"name\":\"Raquel Hernandez\",\"description\":\"Nuestra experta en salud mental y divulgaci\u00f3n cient\u00edfica. Con un profundo compromiso por el bienestar emocional, Raquel escribe sobre investigaciones recientes, descubrimientos relevantes y temas esenciales relacionados con la salud mental.\",\"url\":\"https:\\\/\\\/vitalstoday.com\\\/en\\\/author\\\/raquelhernandez01\\\/\"}]}<\/script>\n<!-- \/ Yoast SEO plugin. -->","yoast_head_json":{"title":"How much work-related stress is there in Spain? | Vitals Today","description":"In Spain, around 401% of the working population links work with stress, depression, or anxiety, according to the European OSH Pulse 2025 survey. This figure is higher than the EU average, which stands at 291%.","robots":{"index":"index","follow":"follow","max-snippet":"max-snippet:-1","max-image-preview":"max-image-preview:large","max-video-preview":"max-video-preview:-1"},"canonical":"https:\/\/vitalstoday.com\/en\/mental-health\/how-much-work-related-stress-is-there-in-spain\/","og_locale":"en_US","og_type":"article","og_title":"\u00bfCu\u00e1nto estr\u00e9s laboral hay en Espa\u00f1a? | Vitals Today","og_description":"En Espa\u00f1a, alrededor del 40% de la poblaci\u00f3n trabajadora vincula el trabajo con estr\u00e9s, depresi\u00f3n o ansiedad, seg\u00fan la encuesta europea OSH Pulse 2025. Es una cifra superior a la media de la UE, situada en el 29%.","og_url":"https:\/\/vitalstoday.com\/en\/mental-health\/how-much-work-related-stress-is-there-in-spain\/","og_site_name":"Vitals Today","article_publisher":"https:\/\/www.facebook.com\/VitalsToday\/","article_published_time":"2026-03-14T07:09:00+00:00","og_image":[{"width":900,"height":600,"url":"https:\/\/vitalstoday.com\/wp-content\/uploads\/FOTOS-VITAL-TODAY-copia-3-2.jpg","type":"image\/jpeg"}],"author":"Raquel Hernandez","twitter_card":"summary_large_image","twitter_creator":"@VitalsToday","twitter_site":"@VitalsToday","twitter_misc":{"Written by":"Raquel Hernandez","Est. reading time":"3 minutes"},"schema":{"@context":"https:\/\/schema.org","@graph":[{"@type":"Article","@id":"https:\/\/vitalstoday.com\/salud-mental\/cuanto-estres-laboral-hay-en-espana\/#article","isPartOf":{"@id":"https:\/\/vitalstoday.com\/salud-mental\/cuanto-estres-laboral-hay-en-espana\/"},"author":{"name":"Raquel Hernandez","@id":"https:\/\/vitalstoday.com\/#\/schema\/person\/80d4eb419238abd54a378eec27dce261"},"headline":"\u00bfCu\u00e1nto estr\u00e9s laboral hay en Espa\u00f1a?","datePublished":"2026-03-14T07:09:00+00:00","mainEntityOfPage":{"@id":"https:\/\/vitalstoday.com\/salud-mental\/cuanto-estres-laboral-hay-en-espana\/"},"wordCount":630,"publisher":{"@id":"https:\/\/vitalstoday.com\/#organization"},"image":{"@id":"https:\/\/vitalstoday.com\/salud-mental\/cuanto-estres-laboral-hay-en-espana\/#primaryimage"},"thumbnailUrl":"https:\/\/vitalstoday.com\/wp-content\/uploads\/FOTOS-VITAL-TODAY-copia-3-2.jpg","keywords":["Ansiedad"],"articleSection":["Salud Mental"],"inLanguage":"en-US"},{"@type":"WebPage","@id":"https:\/\/vitalstoday.com\/salud-mental\/cuanto-estres-laboral-hay-en-espana\/","url":"https:\/\/vitalstoday.com\/salud-mental\/cuanto-estres-laboral-hay-en-espana\/","name":"How much work-related stress is there in Spain? | Vitals Today","isPartOf":{"@id":"https:\/\/vitalstoday.com\/#website"},"primaryImageOfPage":{"@id":"https:\/\/vitalstoday.com\/salud-mental\/cuanto-estres-laboral-hay-en-espana\/#primaryimage"},"image":{"@id":"https:\/\/vitalstoday.com\/salud-mental\/cuanto-estres-laboral-hay-en-espana\/#primaryimage"},"thumbnailUrl":"https:\/\/vitalstoday.com\/wp-content\/uploads\/FOTOS-VITAL-TODAY-copia-3-2.jpg","datePublished":"2026-03-14T07:09:00+00:00","description":"In Spain, around 401% of the working population links work with stress, depression, or anxiety, according to the European OSH Pulse 2025 survey. This figure is higher than the EU average, which stands at 291%.","breadcrumb":{"@id":"https:\/\/vitalstoday.com\/salud-mental\/cuanto-estres-laboral-hay-en-espana\/#breadcrumb"},"inLanguage":"en-US","potentialAction":[{"@type":"ReadAction","target":["https:\/\/vitalstoday.com\/salud-mental\/cuanto-estres-laboral-hay-en-espana\/"]}]},{"@type":"ImageObject","inLanguage":"en-US","@id":"https:\/\/vitalstoday.com\/salud-mental\/cuanto-estres-laboral-hay-en-espana\/#primaryimage","url":"https:\/\/vitalstoday.com\/wp-content\/uploads\/FOTOS-VITAL-TODAY-copia-3-2.jpg","contentUrl":"https:\/\/vitalstoday.com\/wp-content\/uploads\/FOTOS-VITAL-TODAY-copia-3-2.jpg","width":900,"height":600,"caption":"Canva"},{"@type":"BreadcrumbList","@id":"https:\/\/vitalstoday.com\/salud-mental\/cuanto-estres-laboral-hay-en-espana\/#breadcrumb","itemListElement":[{"@type":"ListItem","position":1,"name":"Salud Mental","item":"https:\/\/vitalstoday.com\/category\/salud-mental\/"},{"@type":"ListItem","position":2,"name":"\u00bfCu\u00e1nto estr\u00e9s laboral hay en Espa\u00f1a?"}]},{"@type":"WebSite","@id":"https:\/\/vitalstoday.com\/#website","url":"https:\/\/vitalstoday.com\/","name":"Vitals Today","description":"Your guide to understanding medications and taking care of your health, wherever you are","publisher":{"@id":"https:\/\/vitalstoday.com\/#organization"},"alternateName":"VitalsToday","potentialAction":[{"@type":"SearchAction","target":{"@type":"EntryPoint","urlTemplate":"https:\/\/vitalstoday.com\/?s={search_term_string}"},"query-input":{"@type":"PropertyValueSpecification","valueRequired":true,"valueName":"search_term_string"}}],"inLanguage":"en-US"},{"@type":"Organization","@id":"https:\/\/vitalstoday.com\/#organization","name":"Vitals Today","url":"https:\/\/vitalstoday.com\/","logo":{"@type":"ImageObject","inLanguage":"en-US","@id":"https:\/\/vitalstoday.com\/#\/schema\/logo\/image\/","url":"https:\/\/vitalstoday.com\/wp-content\/uploads\/cropped-VitalsToday_Green_Transparent_TextSame_512.png","contentUrl":"https:\/\/vitalstoday.com\/wp-content\/uploads\/cropped-VitalsToday_Green_Transparent_TextSame_512.png","width":512,"height":512,"caption":"Vitals Today"},"image":{"@id":"https:\/\/vitalstoday.com\/#\/schema\/logo\/image\/"},"sameAs":["https:\/\/www.facebook.com\/VitalsToday\/","https:\/\/x.com\/VitalsToday","https:\/\/www.linkedin.com\/company\/vitals-today","https:\/\/bsky.app\/profile\/vitalstoday.bsky.social"]},{"@type":"Person","@id":"https:\/\/vitalstoday.com\/#\/schema\/person\/80d4eb419238abd54a378eec27dce261","name":"Raquel Hernandez","description":"Our mental health and scientific outreach expert. With a deep commitment to emotional well-being, Raquel writes about recent research, relevant discoveries and essential topics related to mental health.","url":"https:\/\/vitalstoday.com\/en\/author\/raquelhernandez01\/"}]}},"jetpack_publicize_connections":[],"jetpack_featured_media_url":"https:\/\/vitalstoday.com\/wp-content\/uploads\/FOTOS-VITAL-TODAY-copia-3-2.jpg","jetpack_sharing_enabled":true,"_links":{"self":[{"href":"https:\/\/vitalstoday.com\/en\/wp-json\/wp\/v2\/posts\/5682","targetHints":{"allow":["GET"]}}],"collection":[{"href":"https:\/\/vitalstoday.com\/en\/wp-json\/wp\/v2\/posts"}],"about":[{"href":"https:\/\/vitalstoday.com\/en\/wp-json\/wp\/v2\/types\/post"}],"author":[{"embeddable":true,"href":"https:\/\/vitalstoday.com\/en\/wp-json\/wp\/v2\/users\/257725347"}],"replies":[{"embeddable":true,"href":"https:\/\/vitalstoday.com\/en\/wp-json\/wp\/v2\/comments?post=5682"}],"version-history":[{"count":2,"href":"https:\/\/vitalstoday.com\/en\/wp-json\/wp\/v2\/posts\/5682\/revisions"}],"predecessor-version":[{"id":5686,"href":"https:\/\/vitalstoday.com\/en\/wp-json\/wp\/v2\/posts\/5682\/revisions\/5686"}],"wp:featuredmedia":[{"embeddable":true,"href":"https:\/\/vitalstoday.com\/en\/wp-json\/wp\/v2\/media\/5709"}],"wp:attachment":[{"href":"https:\/\/vitalstoday.com\/en\/wp-json\/wp\/v2\/media?parent=5682"}],"wp:term":[{"taxonomy":"category","embeddable":true,"href":"https:\/\/vitalstoday.com\/en\/wp-json\/wp\/v2\/categories?post=5682"},{"taxonomy":"post_tag","embeddable":true,"href":"https:\/\/vitalstoday.com\/en\/wp-json\/wp\/v2\/tags?post=5682"}],"curies":[{"name":"wp","href":"https:\/\/api.w.org\/{rel}","templated":true}]}}