{"id":5544,"date":"2026-03-07T12:32:00","date_gmt":"2026-03-07T11:32:00","guid":{"rendered":"https:\/\/vitalstoday.com\/?p=5544"},"modified":"2026-02-18T21:08:08","modified_gmt":"2026-02-18T20:08:08","slug":"quand-et-comment-demander-le-certificat-de-remplacement-provisoire","status":"publish","type":"post","link":"https:\/\/vitalstoday.com\/fr\/salud\/cuando-y-como-pedir-el-certificado-provisional-sustitutorio\/","title":{"rendered":"Quand et comment demander le certificat de remplacement provisoire\u00a0?"},"content":{"rendered":"<p>Le certificat provisoire de remplacement est requis lorsque vous avez besoin d&#039;une couverture sant\u00e9 publique pendant votre voyage et que vous ne poss\u00e9dez pas votre carte europ\u00e9enne d&#039;assurance maladie ou que celle-ci ne peut \u00eatre d\u00e9livr\u00e9e \u00e0 temps. Il est t\u00e9l\u00e9chargeable au format PDF apr\u00e8s la demande et sert de document \u00e9quivalent temporaire.<\/p>\n\n\n\n<h2 class=\"wp-block-heading\">Qu\u2019est-ce qu\u2019un certificat de remplacement provisoire et \u00e0 quoi sert-il\u00a0?<\/h2>\n\n\n\n<p>Le certificat de remplacement provisoire, \u00e9galement appel\u00e9 CPS, atteste le droit de recevoir des soins de sant\u00e9 m\u00e9dicalement n\u00e9cessaires lors d&#039;un s\u00e9jour temporaire dans l&#039;Union europ\u00e9enne, l&#039;EEE et la Suisse, conform\u00e9ment \u00e0 la r\u00e9glementation du pays de s\u00e9jour.<\/p>\n\n\n\n<p>En pratique, elle sert de carte de remplacement en cas de perte ou d&#039;oubli, ou si celle-ci n&#039;arrive pas avant votre voyage. La Commission europ\u00e9enne la consid\u00e8re comme \u00e9quivalente \u00e0 la carte europ\u00e9enne d&#039;assurance maladie lorsqu&#039;un substitut imm\u00e9diat est n\u00e9cessaire.<\/p>\n\n\n\n<h2 class=\"wp-block-heading\">Quand est-il conseill\u00e9 de demander le certificat de remplacement provisoire\u00a0?<\/h2>\n\n\n\n<p>Il est conseill\u00e9 de demander un certificat de remplacement temporaire si votre voyage est imminent et que la carte physique n&#039;arrivera pas \u00e0 temps, ou si vous \u00eates d\u00e9j\u00e0 en voyage et que vous vous apercevez que vous ne l&#039;avez pas avec vous. C&#039;est une solution pr\u00e9vue pour les situations d&#039;urgence.<\/p>\n\n\n\n<p>Elle peut \u00e9galement s&#039;av\u00e9rer utile si vous avez fait une demande de carte et qu&#039;elle est en cours de traitement, ou si vous devez rapidement justifier de vos droits dans un \u00e9tablissement de sant\u00e9 public. Au Royaume-Uni, une agence d&#039;assurance voyage explique une utilisation similaire pour sa carte de r\u00e9sident permanent (PRC).<\/p>\n\n\n\n<h2 class=\"wp-block-heading\">O\u00f9 puis-je demander un certificat de remplacement temporaire en Espagne\u00a0?<\/h2>\n\n\n\n\n\n\n\n\n<\/p>\n<p data-no-translation>En Espagne, la voie la plus directe est le service en ligne de <a href=\"https:\/\/prestaciones.seg-social.es\/servicio\/tarjeta-sanitaria-europea-certificado-provisional-sustitutorio.html\">la S\u00e9curit\u00e9 sociale<\/a> pour la <a href=\"https:\/\/vitalstoday.com\/fr\/sante\/carte-europeenne-dassurance-maladie-en-espagne-ce-quelle-couvre-et-comment-lutiliser\/\">Carte europ\u00e9enne d\u2019assurance maladie<\/a> et le certificat provisoire, avec un PDF t\u00e9l\u00e9chargeable depuis chez vous.<\/p>\n<p>\n\n\n\n<p>Le site web indique que l&#039;obtention du CPS requiert un niveau d&#039;identification plus \u00e9lev\u00e9 que la simple demande de carte. Dans son guide d&#039;information, la S\u00e9curit\u00e9 sociale pr\u00e9cise qu&#039;il peut \u00eatre obtenu imm\u00e9diatement apr\u00e8s avoir rempli le formulaire de demande.<\/p>\n\n\n\n<h2 class=\"wp-block-heading\">Quelle est la dur\u00e9e de validit\u00e9 du certificat de remplacement provisoire et quelles sont ses limites\u00a0?<\/h2>\n\n\n\n<p>La dur\u00e9e de validit\u00e9 du CPS est indiqu\u00e9e sur le document lui-m\u00eame et, selon les informations officielles de la S\u00e9curit\u00e9 sociale, il peut \u00eatre de 90 jours maximum. Il est important de v\u00e9rifier que cette p\u00e9riode inclut bien la date de retour pr\u00e9vue.<\/p>\n\n\n\n<p>Le CPS sert \u00e0 justifier les soins de sant\u00e9 m\u00e9dicalement n\u00e9cessaires lors d&#039;un s\u00e9jour temporaire, en tenant compte de la dur\u00e9e pr\u00e9vue de votre voyage et de la r\u00e9glementation du pays visit\u00e9. G\u00e9n\u00e9ralement, les r\u00e8gles et les participations aux frais du pays o\u00f9 vous recevez les soins s&#039;appliquent, comme pour une carte d&#039;assurance maladie.<\/p>\n\n\n\n<figure class=\"wp-block-table\"><table class=\"has-fixed-layout\"><thead><tr><th>Situation<\/th><th>Document utile<\/th><th>R\u00e9sultat<\/th><\/tr><\/thead><tbody><tr><td>Voyage imminent<\/td><td>CPS<\/td><td>PDF instantan\u00e9<\/td><\/tr><tr><td>Carte oubli\u00e9e<\/td><td>CPS<\/td><td>rempla\u00e7ant temporaire<\/td><\/tr><tr><td>Voyage pr\u00e9vu<\/td><td>TSE<\/td><td>Carte physique<\/td><\/tr><\/tbody><\/table><\/figure>\n\n\n\n<p><em>Ce texte est fourni \u00e0 titre indicatif uniquement et ne remplace pas un avis m\u00e9dical. Consultez toujours les informations officielles de l&#039;organisme \u00e9metteur et, si vous avez des questions concernant votre couverture, contactez la S\u00e9curit\u00e9 sociale ou votre compagnie d&#039;assurance.<\/em><\/p>\n\n\n\n<p><\/p>","protected":false},"excerpt":{"rendered":"<p>El certificado provisional sustitutorio se pide cuando necesitas cobertura sanitaria p\u00fablica durante un viaje y no tienes a mano la Tarjeta Sanitaria Europea o no puede emitirse a tiempo. Se descarga en PDF tras la solicitud y act\u00faa como documento temporal equivalente. \u00bfQu\u00e9 es el certificado provisional sustitutorio y para qu\u00e9 sirve? El certificado provisional [&hellip;]<\/p>\n","protected":false},"author":257725345,"featured_media":5602,"comment_status":"closed","ping_status":"closed","sticky":false,"template":"","format":"standard","meta":{"_stopmodifiedupdate":false,"_modified_date":"","_jetpack_memberships_contains_paid_content":false,"jnews-multi-image_gallery":[],"jnews_single_post":{"format":"standard","override":[{"template":"1","parallax":"1","layout":"right-sidebar","sidebar":"default-sidebar","second_sidebar":"default-sidebar","share_position":"float","share_float_style":"share-normal","show_share_counter":"1","show_view_counter":"1","show_featured":"1","show_post_meta":"1","show_post_author":"1","show_post_date":"1","post_date_format":"default","post_date_format_custom":"Y\/m\/d","show_post_reading_time":"1","post_reading_time_wpm":"300","post_calculate_word_method":"str_word_count","zoom_button_out_step":"2","zoom_button_in_step":"3","show_post_tag":"1","show_prev_next_post":"1","number_popup_post":"1","show_post_related":"1"}],"image_override":[{"single_post_thumbnail_size":"crop-500","single_post_gallery_size":"crop-500"}],"trending_post_position":"meta","trending_post_label":"Trending","sponsored_post_label":"Sponsored by","disable_ad":"0","subtitle":"Uso pr\u00e1ctico del CPS en viajes, cu\u00e1ndo compensa solicitarlo si la tarjeta no llega o se olvida, d\u00f3nde tramitarlo online en Espa\u00f1a, duraci\u00f3n m\u00e1xima orientativa y l\u00edmites habituales seg\u00fan la normativa del pa\u00eds de estancia."},"jnews_primary_category":[],"jnews_override_counter":{"view_counter_number":"0","share_counter_number":"0","like_counter_number":"0","dislike_counter_number":"0"},"footnotes":"","jetpack_publicize_message":"","jetpack_publicize_feature_enabled":true,"jetpack_social_post_already_shared":true,"jetpack_social_options":{"image_generator_settings":{"template":"highway","default_image_id":0,"font":"","enabled":false},"version":2}},"categories":[178],"tags":[231],"class_list":["post-5544","post","type-post","status-publish","format-standard","has-post-thumbnail","hentry","category-salud","tag-sistema-sanitario-en-espana"],"yoast_head":"<!-- This site is optimized with the Yoast SEO plugin v27.5 - https:\/\/yoast.com\/product\/yoast-seo-wordpress\/ -->\n<title>\u00bfCu\u00e1ndo y c\u00f3mo pedir el certificado provisional sustitutorio?<\/title>\n<meta name=\"description\" content=\"El certificado provisional sustitutorio se pide cuando necesitas cobertura sanitaria p\u00fablica durante un viaje y no tienes a mano la Tarjeta Sanitaria Europea o no puede emitirse a tiempo. Se descarga en PDF tras la solicitud y act\u00faa como documento temporal equivalente.\" \/>\n<meta name=\"robots\" content=\"index, follow, max-snippet:-1, max-image-preview:large, max-video-preview:-1\" \/>\n<link rel=\"canonical\" href=\"https:\/\/vitalstoday.com\/fr\/sante\/quand-et-comment-demander-le-certificat-de-remplacement-provisoire\/\" \/>\n<meta property=\"og:locale\" content=\"fr_FR\" \/>\n<meta property=\"og:type\" content=\"article\" \/>\n<meta property=\"og:title\" content=\"\u00bfCu\u00e1ndo y c\u00f3mo pedir el certificado provisional sustitutorio?\" \/>\n<meta property=\"og:description\" content=\"El certificado provisional sustitutorio se pide cuando necesitas cobertura sanitaria p\u00fablica durante un viaje y no tienes a mano la Tarjeta Sanitaria Europea o no puede emitirse a tiempo. Se descarga en PDF tras la solicitud y act\u00faa como documento temporal equivalente.\" \/>\n<meta property=\"og:url\" content=\"https:\/\/vitalstoday.com\/fr\/sante\/quand-et-comment-demander-le-certificat-de-remplacement-provisoire\/\" \/>\n<meta property=\"og:site_name\" content=\"Vitals Today\" \/>\n<meta property=\"article:publisher\" content=\"https:\/\/www.facebook.com\/VitalsToday\/\" \/>\n<meta property=\"article:author\" content=\"https:\/\/www.facebook.com\/wendy.lazcanoexposito\" \/>\n<meta property=\"article:published_time\" content=\"2026-03-07T11:32:00+00:00\" \/>\n<meta property=\"og:image\" content=\"https:\/\/vitalstoday.com\/wp-content\/uploads\/Diseno-sin-titulo-copia-4.jpg\" \/>\n\t<meta property=\"og:image:width\" content=\"750\" \/>\n\t<meta property=\"og:image:height\" content=\"375\" \/>\n\t<meta property=\"og:image:type\" content=\"image\/jpeg\" \/>\n<meta name=\"author\" content=\"Wendy Lazcano\" \/>\n<meta name=\"twitter:card\" content=\"summary_large_image\" \/>\n<meta name=\"twitter:creator\" content=\"@https:\/\/www.x.com\/wendyLE1992\" \/>\n<meta name=\"twitter:site\" content=\"@VitalsToday\" \/>\n<meta name=\"twitter:label1\" content=\"\u00c9crit par\" \/>\n\t<meta name=\"twitter:data1\" content=\"Wendy Lazcano\" \/>\n\t<meta name=\"twitter:label2\" content=\"Dur\u00e9e de lecture estim\u00e9e\" \/>\n\t<meta name=\"twitter:data2\" content=\"3 minutes\" \/>\n<script type=\"application\/ld+json\" class=\"yoast-schema-graph\">{\"@context\":\"https:\\\/\\\/schema.org\",\"@graph\":[{\"@type\":\"Article\",\"@id\":\"https:\\\/\\\/vitalstoday.com\\\/salud\\\/cuando-y-como-pedir-el-certificado-provisional-sustitutorio\\\/#article\",\"isPartOf\":{\"@id\":\"https:\\\/\\\/vitalstoday.com\\\/salud\\\/cuando-y-como-pedir-el-certificado-provisional-sustitutorio\\\/\"},\"author\":{\"name\":\"Wendy Lazcano\",\"@id\":\"https:\\\/\\\/vitalstoday.com\\\/#\\\/schema\\\/person\\\/e4b0e77e3d89517e65b2d7b4c450a54a\"},\"headline\":\"\u00bfCu\u00e1ndo y c\u00f3mo pedir el certificado provisional sustitutorio?\",\"datePublished\":\"2026-03-07T11:32:00+00:00\",\"mainEntityOfPage\":{\"@id\":\"https:\\\/\\\/vitalstoday.com\\\/salud\\\/cuando-y-como-pedir-el-certificado-provisional-sustitutorio\\\/\"},\"wordCount\":600,\"publisher\":{\"@id\":\"https:\\\/\\\/vitalstoday.com\\\/#organization\"},\"image\":{\"@id\":\"https:\\\/\\\/vitalstoday.com\\\/salud\\\/cuando-y-como-pedir-el-certificado-provisional-sustitutorio\\\/#primaryimage\"},\"thumbnailUrl\":\"https:\\\/\\\/vitalstoday.com\\\/wp-content\\\/uploads\\\/Diseno-sin-titulo-copia-4.jpg\",\"keywords\":[\"Sistema Sanitario en Espa\u00f1a\"],\"articleSection\":[\"Salud\"],\"inLanguage\":\"fr-FR\"},{\"@type\":\"WebPage\",\"@id\":\"https:\\\/\\\/vitalstoday.com\\\/salud\\\/cuando-y-como-pedir-el-certificado-provisional-sustitutorio\\\/\",\"url\":\"https:\\\/\\\/vitalstoday.com\\\/salud\\\/cuando-y-como-pedir-el-certificado-provisional-sustitutorio\\\/\",\"name\":\"\u00bfCu\u00e1ndo y c\u00f3mo pedir el certificado provisional sustitutorio?\",\"isPartOf\":{\"@id\":\"https:\\\/\\\/vitalstoday.com\\\/#website\"},\"primaryImageOfPage\":{\"@id\":\"https:\\\/\\\/vitalstoday.com\\\/salud\\\/cuando-y-como-pedir-el-certificado-provisional-sustitutorio\\\/#primaryimage\"},\"image\":{\"@id\":\"https:\\\/\\\/vitalstoday.com\\\/salud\\\/cuando-y-como-pedir-el-certificado-provisional-sustitutorio\\\/#primaryimage\"},\"thumbnailUrl\":\"https:\\\/\\\/vitalstoday.com\\\/wp-content\\\/uploads\\\/Diseno-sin-titulo-copia-4.jpg\",\"datePublished\":\"2026-03-07T11:32:00+00:00\",\"description\":\"El certificado provisional sustitutorio se pide cuando necesitas cobertura sanitaria p\u00fablica durante un viaje y no tienes a mano la Tarjeta Sanitaria Europea o no puede emitirse a tiempo. Se descarga en PDF tras la solicitud y act\u00faa como documento temporal equivalente.\",\"breadcrumb\":{\"@id\":\"https:\\\/\\\/vitalstoday.com\\\/salud\\\/cuando-y-como-pedir-el-certificado-provisional-sustitutorio\\\/#breadcrumb\"},\"inLanguage\":\"fr-FR\",\"potentialAction\":[{\"@type\":\"ReadAction\",\"target\":[\"https:\\\/\\\/vitalstoday.com\\\/salud\\\/cuando-y-como-pedir-el-certificado-provisional-sustitutorio\\\/\"]}]},{\"@type\":\"ImageObject\",\"inLanguage\":\"fr-FR\",\"@id\":\"https:\\\/\\\/vitalstoday.com\\\/salud\\\/cuando-y-como-pedir-el-certificado-provisional-sustitutorio\\\/#primaryimage\",\"url\":\"https:\\\/\\\/vitalstoday.com\\\/wp-content\\\/uploads\\\/Diseno-sin-titulo-copia-4.jpg\",\"contentUrl\":\"https:\\\/\\\/vitalstoday.com\\\/wp-content\\\/uploads\\\/Diseno-sin-titulo-copia-4.jpg\",\"width\":750,\"height\":375,\"caption\":\"Canva\"},{\"@type\":\"BreadcrumbList\",\"@id\":\"https:\\\/\\\/vitalstoday.com\\\/salud\\\/cuando-y-como-pedir-el-certificado-provisional-sustitutorio\\\/#breadcrumb\",\"itemListElement\":[{\"@type\":\"ListItem\",\"position\":1,\"name\":\"Salud\",\"item\":\"https:\\\/\\\/vitalstoday.com\\\/category\\\/salud\\\/\"},{\"@type\":\"ListItem\",\"position\":2,\"name\":\"\u00bfCu\u00e1ndo y c\u00f3mo pedir el certificado provisional sustitutorio?\"}]},{\"@type\":\"WebSite\",\"@id\":\"https:\\\/\\\/vitalstoday.com\\\/#website\",\"url\":\"https:\\\/\\\/vitalstoday.com\\\/\",\"name\":\"Vitals Today\",\"description\":\"Tu gu\u00eda para entender los medicamentos y cuidar tu salud, est\u00e9s donde est\u00e9s\",\"publisher\":{\"@id\":\"https:\\\/\\\/vitalstoday.com\\\/#organization\"},\"alternateName\":\"VitalsToday\",\"potentialAction\":[{\"@type\":\"SearchAction\",\"target\":{\"@type\":\"EntryPoint\",\"urlTemplate\":\"https:\\\/\\\/vitalstoday.com\\\/?s={search_term_string}\"},\"query-input\":{\"@type\":\"PropertyValueSpecification\",\"valueRequired\":true,\"valueName\":\"search_term_string\"}}],\"inLanguage\":\"fr-FR\"},{\"@type\":\"Organization\",\"@id\":\"https:\\\/\\\/vitalstoday.com\\\/#organization\",\"name\":\"Vitals Today\",\"url\":\"https:\\\/\\\/vitalstoday.com\\\/\",\"logo\":{\"@type\":\"ImageObject\",\"inLanguage\":\"fr-FR\",\"@id\":\"https:\\\/\\\/vitalstoday.com\\\/#\\\/schema\\\/logo\\\/image\\\/\",\"url\":\"https:\\\/\\\/vitalstoday.com\\\/wp-content\\\/uploads\\\/cropped-VitalsToday_Green_Transparent_TextSame_512.png\",\"contentUrl\":\"https:\\\/\\\/vitalstoday.com\\\/wp-content\\\/uploads\\\/cropped-VitalsToday_Green_Transparent_TextSame_512.png\",\"width\":512,\"height\":512,\"caption\":\"Vitals Today\"},\"image\":{\"@id\":\"https:\\\/\\\/vitalstoday.com\\\/#\\\/schema\\\/logo\\\/image\\\/\"},\"sameAs\":[\"https:\\\/\\\/www.facebook.com\\\/VitalsToday\\\/\",\"https:\\\/\\\/x.com\\\/VitalsToday\",\"https:\\\/\\\/www.linkedin.com\\\/company\\\/vitals-today\",\"https:\\\/\\\/bsky.app\\\/profile\\\/vitalstoday.bsky.social\"]},{\"@type\":\"Person\",\"@id\":\"https:\\\/\\\/vitalstoday.com\\\/#\\\/schema\\\/person\\\/e4b0e77e3d89517e65b2d7b4c450a54a\",\"name\":\"Wendy Lazcano\",\"description\":\"Es una periodista experimentada que ha trabajado en medios escritos como Diario de Cuba y Review Energy, adem\u00e1s de liderar programas en radio (Wradio\\\/Grupo PRISA) y televisi\u00f3n (Canal 33). Especialista en pol\u00edtica y regulaciones, Wendy destaca por su habilidad para analizar y explicar temas complejos.\",\"sameAs\":[\"https:\\\/\\\/vitalstoday.com\\\/author\\\/wendylazcano01\\\/\",\"https:\\\/\\\/www.facebook.com\\\/wendy.lazcanoexposito\",\"https:\\\/\\\/www.instagram.com\\\/wendy_lazcano\\\/\",\"https:\\\/\\\/www.linkedin.com\\\/in\\\/wendy-lazcano-exp\u00f3sito-886aa6139\",\"https:\\\/\\\/x.com\\\/https:\\\/\\\/www.x.com\\\/wendyLE1992\",\"https:\\\/\\\/www.youtube.com\\\/@puntociegooficial\"],\"url\":\"https:\\\/\\\/vitalstoday.com\\\/fr\\\/author\\\/wendylazcano01\\\/\"}]}<\/script>\n<!-- \/ Yoast SEO plugin. -->","yoast_head_json":{"title":"Quand et comment demander le certificat de remplacement provisoire\u00a0?","description":"Le certificat provisoire de remplacement est requis lorsque vous avez besoin d&#039;une couverture sant\u00e9 publique pendant votre voyage et que vous ne poss\u00e9dez pas votre carte europ\u00e9enne d&#039;assurance maladie ou que celle-ci ne peut \u00eatre d\u00e9livr\u00e9e \u00e0 temps. Il est t\u00e9l\u00e9chargeable au format PDF apr\u00e8s la demande et sert de document \u00e9quivalent temporaire.","robots":{"index":"index","follow":"follow","max-snippet":"max-snippet:-1","max-image-preview":"max-image-preview:large","max-video-preview":"max-video-preview:-1"},"canonical":"https:\/\/vitalstoday.com\/fr\/sante\/quand-et-comment-demander-le-certificat-de-remplacement-provisoire\/","og_locale":"fr_FR","og_type":"article","og_title":"\u00bfCu\u00e1ndo y c\u00f3mo pedir el certificado provisional sustitutorio?","og_description":"El certificado provisional sustitutorio se pide cuando necesitas cobertura sanitaria p\u00fablica durante un viaje y no tienes a mano la Tarjeta Sanitaria Europea o no puede emitirse a tiempo. Se descarga en PDF tras la solicitud y act\u00faa como documento temporal equivalente.","og_url":"https:\/\/vitalstoday.com\/fr\/sante\/quand-et-comment-demander-le-certificat-de-remplacement-provisoire\/","og_site_name":"Vitals Today","article_publisher":"https:\/\/www.facebook.com\/VitalsToday\/","article_author":"https:\/\/www.facebook.com\/wendy.lazcanoexposito","article_published_time":"2026-03-07T11:32:00+00:00","og_image":[{"width":750,"height":375,"url":"https:\/\/vitalstoday.com\/wp-content\/uploads\/Diseno-sin-titulo-copia-4.jpg","type":"image\/jpeg"}],"author":"Wendy Lazcano","twitter_card":"summary_large_image","twitter_creator":"@https:\/\/www.x.com\/wendyLE1992","twitter_site":"@VitalsToday","twitter_misc":{"\u00c9crit par":"Wendy Lazcano","Dur\u00e9e de lecture estim\u00e9e":"3 minutes"},"schema":{"@context":"https:\/\/schema.org","@graph":[{"@type":"Article","@id":"https:\/\/vitalstoday.com\/salud\/cuando-y-como-pedir-el-certificado-provisional-sustitutorio\/#article","isPartOf":{"@id":"https:\/\/vitalstoday.com\/salud\/cuando-y-como-pedir-el-certificado-provisional-sustitutorio\/"},"author":{"name":"Wendy Lazcano","@id":"https:\/\/vitalstoday.com\/#\/schema\/person\/e4b0e77e3d89517e65b2d7b4c450a54a"},"headline":"\u00bfCu\u00e1ndo y c\u00f3mo pedir el certificado provisional sustitutorio?","datePublished":"2026-03-07T11:32:00+00:00","mainEntityOfPage":{"@id":"https:\/\/vitalstoday.com\/salud\/cuando-y-como-pedir-el-certificado-provisional-sustitutorio\/"},"wordCount":600,"publisher":{"@id":"https:\/\/vitalstoday.com\/#organization"},"image":{"@id":"https:\/\/vitalstoday.com\/salud\/cuando-y-como-pedir-el-certificado-provisional-sustitutorio\/#primaryimage"},"thumbnailUrl":"https:\/\/vitalstoday.com\/wp-content\/uploads\/Diseno-sin-titulo-copia-4.jpg","keywords":["Sistema Sanitario en Espa\u00f1a"],"articleSection":["Salud"],"inLanguage":"fr-FR"},{"@type":"WebPage","@id":"https:\/\/vitalstoday.com\/salud\/cuando-y-como-pedir-el-certificado-provisional-sustitutorio\/","url":"https:\/\/vitalstoday.com\/salud\/cuando-y-como-pedir-el-certificado-provisional-sustitutorio\/","name":"Quand et comment demander le certificat de remplacement provisoire\u00a0?","isPartOf":{"@id":"https:\/\/vitalstoday.com\/#website"},"primaryImageOfPage":{"@id":"https:\/\/vitalstoday.com\/salud\/cuando-y-como-pedir-el-certificado-provisional-sustitutorio\/#primaryimage"},"image":{"@id":"https:\/\/vitalstoday.com\/salud\/cuando-y-como-pedir-el-certificado-provisional-sustitutorio\/#primaryimage"},"thumbnailUrl":"https:\/\/vitalstoday.com\/wp-content\/uploads\/Diseno-sin-titulo-copia-4.jpg","datePublished":"2026-03-07T11:32:00+00:00","description":"Le certificat provisoire de remplacement est requis lorsque vous avez besoin d&#039;une couverture sant\u00e9 publique pendant votre voyage et que vous ne poss\u00e9dez pas votre carte europ\u00e9enne d&#039;assurance maladie ou que celle-ci ne peut \u00eatre d\u00e9livr\u00e9e \u00e0 temps. Il est t\u00e9l\u00e9chargeable au format PDF apr\u00e8s la demande et sert de document \u00e9quivalent temporaire.","breadcrumb":{"@id":"https:\/\/vitalstoday.com\/salud\/cuando-y-como-pedir-el-certificado-provisional-sustitutorio\/#breadcrumb"},"inLanguage":"fr-FR","potentialAction":[{"@type":"ReadAction","target":["https:\/\/vitalstoday.com\/salud\/cuando-y-como-pedir-el-certificado-provisional-sustitutorio\/"]}]},{"@type":"ImageObject","inLanguage":"fr-FR","@id":"https:\/\/vitalstoday.com\/salud\/cuando-y-como-pedir-el-certificado-provisional-sustitutorio\/#primaryimage","url":"https:\/\/vitalstoday.com\/wp-content\/uploads\/Diseno-sin-titulo-copia-4.jpg","contentUrl":"https:\/\/vitalstoday.com\/wp-content\/uploads\/Diseno-sin-titulo-copia-4.jpg","width":750,"height":375,"caption":"Canva"},{"@type":"BreadcrumbList","@id":"https:\/\/vitalstoday.com\/salud\/cuando-y-como-pedir-el-certificado-provisional-sustitutorio\/#breadcrumb","itemListElement":[{"@type":"ListItem","position":1,"name":"Salud","item":"https:\/\/vitalstoday.com\/category\/salud\/"},{"@type":"ListItem","position":2,"name":"\u00bfCu\u00e1ndo y c\u00f3mo pedir el certificado provisional sustitutorio?"}]},{"@type":"WebSite","@id":"https:\/\/vitalstoday.com\/#website","url":"https:\/\/vitalstoday.com\/","name":"Vitals Today","description":"Votre guide pour comprendre les m\u00e9dicaments et prendre soin de votre sant\u00e9, o\u00f9 que vous soyez.","publisher":{"@id":"https:\/\/vitalstoday.com\/#organization"},"alternateName":"VitalsToday","potentialAction":[{"@type":"SearchAction","target":{"@type":"EntryPoint","urlTemplate":"https:\/\/vitalstoday.com\/?s={search_term_string}"},"query-input":{"@type":"PropertyValueSpecification","valueRequired":true,"valueName":"search_term_string"}}],"inLanguage":"fr-FR"},{"@type":"Organization","@id":"https:\/\/vitalstoday.com\/#organization","name":"Vitals Today","url":"https:\/\/vitalstoday.com\/","logo":{"@type":"ImageObject","inLanguage":"fr-FR","@id":"https:\/\/vitalstoday.com\/#\/schema\/logo\/image\/","url":"https:\/\/vitalstoday.com\/wp-content\/uploads\/cropped-VitalsToday_Green_Transparent_TextSame_512.png","contentUrl":"https:\/\/vitalstoday.com\/wp-content\/uploads\/cropped-VitalsToday_Green_Transparent_TextSame_512.png","width":512,"height":512,"caption":"Vitals Today"},"image":{"@id":"https:\/\/vitalstoday.com\/#\/schema\/logo\/image\/"},"sameAs":["https:\/\/www.facebook.com\/VitalsToday\/","https:\/\/x.com\/VitalsToday","https:\/\/www.linkedin.com\/company\/vitals-today","https:\/\/bsky.app\/profile\/vitalstoday.bsky.social"]},{"@type":"Person","@id":"https:\/\/vitalstoday.com\/#\/schema\/person\/e4b0e77e3d89517e65b2d7b4c450a54a","name":"Wendy Lazcano","description":"Journaliste chevronn\u00e9e, elle a travaill\u00e9 pour la presse \u00e9crite, notamment Diario de Cuba et Review Energy, et a anim\u00e9 des \u00e9missions de radio (Wradio\/Grupo PRISA) et de t\u00e9l\u00e9vision (Canal 33). Sp\u00e9cialiste de la politique et de la r\u00e9glementation, Wendy est reconnue pour sa capacit\u00e9 \u00e0 analyser et \u00e0 expliquer des probl\u00e9matiques complexes.","sameAs":["https:\/\/vitalstoday.com\/author\/wendylazcano01\/","https:\/\/www.facebook.com\/wendy.lazcanoexposito","https:\/\/www.instagram.com\/wendy_lazcano\/","https:\/\/www.linkedin.com\/in\/wendy-lazcano-exp\u00f3sito-886aa6139","https:\/\/x.com\/https:\/\/www.x.com\/wendyLE1992","https:\/\/www.youtube.com\/@puntociegooficial"],"url":"https:\/\/vitalstoday.com\/fr\/author\/wendylazcano01\/"}]}},"jetpack_publicize_connections":[],"jetpack_featured_media_url":"https:\/\/vitalstoday.com\/wp-content\/uploads\/Diseno-sin-titulo-copia-4.jpg","jetpack_sharing_enabled":true,"_links":{"self":[{"href":"https:\/\/vitalstoday.com\/fr\/wp-json\/wp\/v2\/posts\/5544","targetHints":{"allow":["GET"]}}],"collection":[{"href":"https:\/\/vitalstoday.com\/fr\/wp-json\/wp\/v2\/posts"}],"about":[{"href":"https:\/\/vitalstoday.com\/fr\/wp-json\/wp\/v2\/types\/post"}],"author":[{"embeddable":true,"href":"https:\/\/vitalstoday.com\/fr\/wp-json\/wp\/v2\/users\/257725345"}],"replies":[{"embeddable":true,"href":"https:\/\/vitalstoday.com\/fr\/wp-json\/wp\/v2\/comments?post=5544"}],"version-history":[{"count":3,"href":"https:\/\/vitalstoday.com\/fr\/wp-json\/wp\/v2\/posts\/5544\/revisions"}],"predecessor-version":[{"id":5604,"href":"https:\/\/vitalstoday.com\/fr\/wp-json\/wp\/v2\/posts\/5544\/revisions\/5604"}],"wp:featuredmedia":[{"embeddable":true,"href":"https:\/\/vitalstoday.com\/fr\/wp-json\/wp\/v2\/media\/5602"}],"wp:attachment":[{"href":"https:\/\/vitalstoday.com\/fr\/wp-json\/wp\/v2\/media?parent=5544"}],"wp:term":[{"taxonomy":"category","embeddable":true,"href":"https:\/\/vitalstoday.com\/fr\/wp-json\/wp\/v2\/categories?post=5544"},{"taxonomy":"post_tag","embeddable":true,"href":"https:\/\/vitalstoday.com\/fr\/wp-json\/wp\/v2\/tags?post=5544"}],"curies":[{"name":"wp","href":"https:\/\/api.w.org\/{rel}","templated":true}]}}