{"id":5566,"date":"2026-03-08T07:25:00","date_gmt":"2026-03-08T06:25:00","guid":{"rendered":"https:\/\/vitalstoday.com\/?p=5566"},"modified":"2026-02-18T23:05:58","modified_gmt":"2026-02-18T22:05:58","slug":"quel-est-le-niveau-de-prevalence-de-lanxiete-chronique-en-espagne","status":"publish","type":"post","link":"https:\/\/vitalstoday.com\/fr\/salud-mental\/cuanta-ansiedad-cronica-hay-en-espana\/","title":{"rendered":"Quel est le niveau de pr\u00e9valence de l&#039;anxi\u00e9t\u00e9 chronique en Espagne\u00a0?"},"content":{"rendered":"<\/p>\n<p data-no-translation>En Espagne, 6,6% des adultes d\u00e9clarent une <a href=\"https:\/\/vitalstoday.com\/fr\/sante-mentale\/que-puis-je-acheter-sans-ordonnance-en-pharmacie-pour-soulager-une-anxiete-legere\/\">anxi\u00e9t\u00e9<\/a> chronique selon l\u2019<a href=\"https:\/\/www.sanidad.gob.es\/estadEstudios\/estadisticas\/encuestaSaludEspana\/ESdE2023\/ESdE2023_notatecnica.pdf\">Enqu\u00eate de sant\u00e9 d\u2019Espagne 2023<\/a>. Le chiffre est de 9% chez les femmes et de 4,1% chez les hommes. Ce sont les donn\u00e9es nationales les plus r\u00e9centes disponibles.<\/p>\n<p>\n\n\n\n<h2 class=\"wp-block-heading\">Qu\u2019est-ce que l\u2019enqu\u00eate sanitaire espagnole\u00a0?<\/h2>\n\n\n\n<p>L\u2019Enqu\u00eate nationale de sant\u00e9 espagnole est une op\u00e9ration statistique men\u00e9e aupr\u00e8s de la population, qui recueille des donn\u00e9es par le biais d\u2019entretiens \u00e0 domicile sur la perception de la sant\u00e9 par la population, les facteurs d\u00e9terminants et le recours aux services de sant\u00e9. Elle est r\u00e9alis\u00e9e par le minist\u00e8re de la Sant\u00e9 et l\u2019Institut national de la statistique (INE).<\/p>\n\n\n\n<p>Le travail de terrain a \u00e9t\u00e9 r\u00e9alis\u00e9 en 2023, mais les principaux r\u00e9sultats ont \u00e9t\u00e9 publi\u00e9s le 27 mai 2025. En f\u00e9vrier 2026, il s&#039;agissait encore de l&#039;\u00e9dition nationale la plus r\u00e9cente diffus\u00e9e, car cette op\u00e9ration ne publie pas de r\u00e9sultats complets chaque ann\u00e9e.<\/p>\n\n\n\n<h2 class=\"wp-block-heading\">Que signifie l&#039;anxi\u00e9t\u00e9 chronique dans les statistiques officielles\u00a0?<\/h2>\n\n\n\n<p>Dans l&#039;Enqu\u00eate nationale de sant\u00e9 espagnole, ce chiffre est pr\u00e9sent\u00e9 en pourcentage d&#039;adultes d\u00e9clarant souffrir d&#039;anxi\u00e9t\u00e9 chronique. Ces donn\u00e9es permettent d&#039;appr\u00e9hender l&#039;ampleur du ph\u00e9nom\u00e8ne et de comparer des groupes, mais elles ne rendent pas compte, \u00e0 elles seules, de la situation de chaque individu.<\/p>\n\n\n\n<h2 class=\"wp-block-heading\">Quelles diff\u00e9rences apparaissent en fonction du sexe et du statut professionnel\u00a0?<\/h2>\n\n\n\n<p>La m\u00eame source r\u00e9v\u00e8le un net \u00e9cart entre les sexes, avec une proportion plus \u00e9lev\u00e9e chez les femmes que chez les hommes. Un contraste appara\u00eet \u00e9galement selon la situation professionnelle\u00a0: la pr\u00e9valence est plus \u00e9lev\u00e9e chez les ch\u00f4meurs que chez les personnes en emploi.<\/p>\n\n\n\n<figure class=\"wp-block-table\"><table class=\"has-fixed-layout\"><thead><tr><th>Grappe<\/th><th>anxi\u00e9t\u00e9 chronique<\/th><\/tr><\/thead><tbody><tr><td>Adultes totaux<\/td><td>6,6 pour cent<\/td><\/tr><tr><td>Femmes<\/td><td>9 pour cent<\/td><\/tr><tr><td>Hommes<\/td><td>4,1 pour cent<\/td><\/tr><\/tbody><\/table><\/figure>\n\n\n\n<h2 class=\"wp-block-heading\">Dans quel contexte faut-il interpr\u00e9ter ces donn\u00e9es si vous vivez en Espagne ou si vous y voyagez\u00a0?<\/h2>\n\n\n\n<p>Pour les expatri\u00e9s et les touristes, l&#039;int\u00e9r\u00eat principal de ces chiffres r\u00e9side dans leur capacit\u00e9 \u00e0 orienter leurs attentes et leurs \u00e9changes avec les professionnels, notamment lorsqu&#039;il s&#039;agit de soins au sein d&#039;un syst\u00e8me pr\u00e9sentant des disparit\u00e9s g\u00e9ographiques. L&#039;enqu\u00eate r\u00e9v\u00e8le \u00e9galement que 7,1 % des personnes interrog\u00e9es ont consult\u00e9 un psychologue, un psychoth\u00e9rapeute ou un psychiatre au cours des 12 derniers mois, une donn\u00e9e utile pour contextualiser la demande.<\/p>\n\n\n\n<h2 class=\"wp-block-heading\">Pourquoi parle-t-on autant d&#039;anxi\u00e9t\u00e9 \u00e0 l&#039;\u00e9chelle mondiale\u00a0?<\/h2>\n\n\n\n<p>L\u2019anxi\u00e9t\u00e9 et la d\u00e9pression figurent parmi les probl\u00e8mes de sant\u00e9 mentale les plus courants au monde, et les organisations internationales appellent \u00e0 un renforcement des services et \u00e0 la r\u00e9duction des obstacles \u00e0 leur acc\u00e8s. En 2025, l\u2019OMS a soulign\u00e9 que plus d\u2019un milliard de personnes souffrent de troubles mentaux, ce qui a des cons\u00e9quences humaines et \u00e9conomiques consid\u00e9rables.<\/p>\n\n\n\n<p><em>Ce texte est fourni \u00e0 titre informatif uniquement et ne saurait se substituer \u00e0 un avis m\u00e9dical. Consultez toujours les sources officielles et, en cas de besoin, adressez-vous \u00e0 un professionnel de sant\u00e9 dans votre pays ou en Espagne.<\/em><\/p>","protected":false},"excerpt":{"rendered":"<p>\u00bfQu\u00e9 es la Encuesta de Salud de Espa\u00f1a? La Encuesta de Salud de Espa\u00f1a es una operaci\u00f3n estad\u00edstica poblacional que recoge, mediante entrevistas en hogares, c\u00f3mo percibe su salud la poblaci\u00f3n y qu\u00e9 determinantes y uso de servicios sanitarios declara. La elaboran el Ministerio de Sanidad y el INE. El trabajo de campo se realiz\u00f3 [&hellip;]<\/p>\n","protected":false},"author":257725347,"featured_media":5598,"comment_status":"closed","ping_status":"closed","sticky":false,"template":"","format":"standard","meta":{"_stopmodifiedupdate":false,"_modified_date":"","_jetpack_memberships_contains_paid_content":false,"jnews-multi-image_gallery":[],"jnews_single_post":{"format":"standard","override":[{"template":"1","parallax":"1","layout":"right-sidebar","sidebar":"default-sidebar","second_sidebar":"default-sidebar","share_position":"float","share_float_style":"share-normal","show_share_counter":"1","show_view_counter":"1","show_featured":"1","show_post_meta":"1","show_post_author":"1","show_post_date":"1","post_date_format":"default","post_date_format_custom":"Y\/m\/d","show_post_reading_time":"1","post_reading_time_wpm":"300","post_calculate_word_method":"str_word_count","zoom_button_out_step":"2","zoom_button_in_step":"3","show_post_tag":"1","show_prev_next_post":"1","number_popup_post":"1","show_post_related":"1"}],"image_override":[{"single_post_thumbnail_size":"crop-500","single_post_gallery_size":"crop-500"}],"trending_post_position":"meta","trending_post_label":"Trending","sponsored_post_label":"Sponsored by","disable_ad":"0","subtitle":"Porcentaje oficial de ansiedad cr\u00f3nica en Espa\u00f1a, diferencias por sexo y situaci\u00f3n laboral, y claves para interpretar el dato si vives o viajas al pa\u00eds sin confundir estad\u00edsticas con casos individuales."},"jnews_primary_category":[],"jnews_override_counter":{"view_counter_number":"0","share_counter_number":"0","like_counter_number":"0","dislike_counter_number":"0"},"footnotes":"","jetpack_publicize_message":"","jetpack_publicize_feature_enabled":true,"jetpack_social_post_already_shared":true,"jetpack_social_options":{"image_generator_settings":{"template":"highway","default_image_id":0,"font":"","enabled":false},"version":2}},"categories":[215],"tags":[230],"class_list":["post-5566","post","type-post","status-publish","format-standard","has-post-thumbnail","hentry","category-salud-mental","tag-ansiedad"],"yoast_head":"<!-- This site is optimized with the Yoast SEO plugin v27.5 - https:\/\/yoast.com\/product\/yoast-seo-wordpress\/ -->\n<title>\u00bfCu\u00e1nta ansiedad cr\u00f3nica hay en Espa\u00f1a? | Vitals Today<\/title>\n<meta name=\"description\" content=\"En Espa\u00f1a, el 6,6 por ciento de los adultos declara padecer ansiedad cr\u00f3nica, seg\u00fan la Encuesta de Salud de Espa\u00f1a 2023. En mujeres la cifra es del 9 por ciento y en hombres del 4,1 por ciento.\" \/>\n<meta name=\"robots\" content=\"index, follow, max-snippet:-1, max-image-preview:large, max-video-preview:-1\" \/>\n<link rel=\"canonical\" href=\"https:\/\/vitalstoday.com\/fr\/sante-mentale\/quel-est-le-niveau-de-prevalence-de-lanxiete-chronique-en-espagne\/\" \/>\n<meta property=\"og:locale\" content=\"fr_FR\" \/>\n<meta property=\"og:type\" content=\"article\" \/>\n<meta property=\"og:title\" content=\"\u00bfCu\u00e1nta ansiedad cr\u00f3nica hay en Espa\u00f1a? | Vitals Today\" \/>\n<meta property=\"og:description\" content=\"En Espa\u00f1a, el 6,6 por ciento de los adultos declara padecer ansiedad cr\u00f3nica, seg\u00fan la Encuesta de Salud de Espa\u00f1a 2023. En mujeres la cifra es del 9 por ciento y en hombres del 4,1 por ciento.\" \/>\n<meta property=\"og:url\" content=\"https:\/\/vitalstoday.com\/fr\/sante-mentale\/quel-est-le-niveau-de-prevalence-de-lanxiete-chronique-en-espagne\/\" \/>\n<meta property=\"og:site_name\" content=\"Vitals Today\" \/>\n<meta property=\"article:publisher\" content=\"https:\/\/www.facebook.com\/VitalsToday\/\" \/>\n<meta property=\"article:published_time\" content=\"2026-03-08T06:25:00+00:00\" \/>\n<meta property=\"og:image\" content=\"https:\/\/vitalstoday.com\/wp-content\/uploads\/Diseno-sin-titulo-copia-2.jpg\" \/>\n\t<meta property=\"og:image:width\" content=\"750\" \/>\n\t<meta property=\"og:image:height\" content=\"375\" \/>\n\t<meta property=\"og:image:type\" content=\"image\/jpeg\" \/>\n<meta name=\"author\" content=\"Raquel Hernandez\" \/>\n<meta name=\"twitter:card\" content=\"summary_large_image\" \/>\n<meta name=\"twitter:creator\" content=\"@VitalsToday\" \/>\n<meta name=\"twitter:site\" content=\"@VitalsToday\" \/>\n<meta name=\"twitter:label1\" content=\"\u00c9crit par\" \/>\n\t<meta name=\"twitter:data1\" content=\"Raquel Hernandez\" \/>\n\t<meta name=\"twitter:label2\" content=\"Dur\u00e9e de lecture estim\u00e9e\" \/>\n\t<meta name=\"twitter:data2\" content=\"3 minutes\" \/>\n<script type=\"application\/ld+json\" class=\"yoast-schema-graph\">{\"@context\":\"https:\\\/\\\/schema.org\",\"@graph\":[{\"@type\":\"Article\",\"@id\":\"https:\\\/\\\/vitalstoday.com\\\/salud-mental\\\/cuanta-ansiedad-cronica-hay-en-espana\\\/#article\",\"isPartOf\":{\"@id\":\"https:\\\/\\\/vitalstoday.com\\\/salud-mental\\\/cuanta-ansiedad-cronica-hay-en-espana\\\/\"},\"author\":{\"name\":\"Raquel Hernandez\",\"@id\":\"https:\\\/\\\/vitalstoday.com\\\/#\\\/schema\\\/person\\\/80d4eb419238abd54a378eec27dce261\"},\"headline\":\"\u00bfCu\u00e1nta ansiedad cr\u00f3nica hay en Espa\u00f1a?\",\"datePublished\":\"2026-03-08T06:25:00+00:00\",\"mainEntityOfPage\":{\"@id\":\"https:\\\/\\\/vitalstoday.com\\\/salud-mental\\\/cuanta-ansiedad-cronica-hay-en-espana\\\/\"},\"wordCount\":531,\"publisher\":{\"@id\":\"https:\\\/\\\/vitalstoday.com\\\/#organization\"},\"image\":{\"@id\":\"https:\\\/\\\/vitalstoday.com\\\/salud-mental\\\/cuanta-ansiedad-cronica-hay-en-espana\\\/#primaryimage\"},\"thumbnailUrl\":\"https:\\\/\\\/vitalstoday.com\\\/wp-content\\\/uploads\\\/Diseno-sin-titulo-copia-2.jpg\",\"keywords\":[\"Ansiedad\"],\"articleSection\":[\"Salud Mental\"],\"inLanguage\":\"fr-FR\"},{\"@type\":\"WebPage\",\"@id\":\"https:\\\/\\\/vitalstoday.com\\\/salud-mental\\\/cuanta-ansiedad-cronica-hay-en-espana\\\/\",\"url\":\"https:\\\/\\\/vitalstoday.com\\\/salud-mental\\\/cuanta-ansiedad-cronica-hay-en-espana\\\/\",\"name\":\"\u00bfCu\u00e1nta ansiedad cr\u00f3nica hay en Espa\u00f1a? | Vitals Today\",\"isPartOf\":{\"@id\":\"https:\\\/\\\/vitalstoday.com\\\/#website\"},\"primaryImageOfPage\":{\"@id\":\"https:\\\/\\\/vitalstoday.com\\\/salud-mental\\\/cuanta-ansiedad-cronica-hay-en-espana\\\/#primaryimage\"},\"image\":{\"@id\":\"https:\\\/\\\/vitalstoday.com\\\/salud-mental\\\/cuanta-ansiedad-cronica-hay-en-espana\\\/#primaryimage\"},\"thumbnailUrl\":\"https:\\\/\\\/vitalstoday.com\\\/wp-content\\\/uploads\\\/Diseno-sin-titulo-copia-2.jpg\",\"datePublished\":\"2026-03-08T06:25:00+00:00\",\"description\":\"En Espa\u00f1a, el 6,6 por ciento de los adultos declara padecer ansiedad cr\u00f3nica, seg\u00fan la Encuesta de Salud de Espa\u00f1a 2023. En mujeres la cifra es del 9 por ciento y en hombres del 4,1 por ciento.\",\"breadcrumb\":{\"@id\":\"https:\\\/\\\/vitalstoday.com\\\/salud-mental\\\/cuanta-ansiedad-cronica-hay-en-espana\\\/#breadcrumb\"},\"inLanguage\":\"fr-FR\",\"potentialAction\":[{\"@type\":\"ReadAction\",\"target\":[\"https:\\\/\\\/vitalstoday.com\\\/salud-mental\\\/cuanta-ansiedad-cronica-hay-en-espana\\\/\"]}]},{\"@type\":\"ImageObject\",\"inLanguage\":\"fr-FR\",\"@id\":\"https:\\\/\\\/vitalstoday.com\\\/salud-mental\\\/cuanta-ansiedad-cronica-hay-en-espana\\\/#primaryimage\",\"url\":\"https:\\\/\\\/vitalstoday.com\\\/wp-content\\\/uploads\\\/Diseno-sin-titulo-copia-2.jpg\",\"contentUrl\":\"https:\\\/\\\/vitalstoday.com\\\/wp-content\\\/uploads\\\/Diseno-sin-titulo-copia-2.jpg\",\"width\":750,\"height\":375,\"caption\":\"Canva\"},{\"@type\":\"BreadcrumbList\",\"@id\":\"https:\\\/\\\/vitalstoday.com\\\/salud-mental\\\/cuanta-ansiedad-cronica-hay-en-espana\\\/#breadcrumb\",\"itemListElement\":[{\"@type\":\"ListItem\",\"position\":1,\"name\":\"Salud Mental\",\"item\":\"https:\\\/\\\/vitalstoday.com\\\/category\\\/salud-mental\\\/\"},{\"@type\":\"ListItem\",\"position\":2,\"name\":\"\u00bfCu\u00e1nta ansiedad cr\u00f3nica hay en Espa\u00f1a?\"}]},{\"@type\":\"WebSite\",\"@id\":\"https:\\\/\\\/vitalstoday.com\\\/#website\",\"url\":\"https:\\\/\\\/vitalstoday.com\\\/\",\"name\":\"Vitals Today\",\"description\":\"Tu gu\u00eda para entender los medicamentos y cuidar tu salud, est\u00e9s donde est\u00e9s\",\"publisher\":{\"@id\":\"https:\\\/\\\/vitalstoday.com\\\/#organization\"},\"alternateName\":\"VitalsToday\",\"potentialAction\":[{\"@type\":\"SearchAction\",\"target\":{\"@type\":\"EntryPoint\",\"urlTemplate\":\"https:\\\/\\\/vitalstoday.com\\\/?s={search_term_string}\"},\"query-input\":{\"@type\":\"PropertyValueSpecification\",\"valueRequired\":true,\"valueName\":\"search_term_string\"}}],\"inLanguage\":\"fr-FR\"},{\"@type\":\"Organization\",\"@id\":\"https:\\\/\\\/vitalstoday.com\\\/#organization\",\"name\":\"Vitals Today\",\"url\":\"https:\\\/\\\/vitalstoday.com\\\/\",\"logo\":{\"@type\":\"ImageObject\",\"inLanguage\":\"fr-FR\",\"@id\":\"https:\\\/\\\/vitalstoday.com\\\/#\\\/schema\\\/logo\\\/image\\\/\",\"url\":\"https:\\\/\\\/vitalstoday.com\\\/wp-content\\\/uploads\\\/cropped-VitalsToday_Green_Transparent_TextSame_512.png\",\"contentUrl\":\"https:\\\/\\\/vitalstoday.com\\\/wp-content\\\/uploads\\\/cropped-VitalsToday_Green_Transparent_TextSame_512.png\",\"width\":512,\"height\":512,\"caption\":\"Vitals Today\"},\"image\":{\"@id\":\"https:\\\/\\\/vitalstoday.com\\\/#\\\/schema\\\/logo\\\/image\\\/\"},\"sameAs\":[\"https:\\\/\\\/www.facebook.com\\\/VitalsToday\\\/\",\"https:\\\/\\\/x.com\\\/VitalsToday\",\"https:\\\/\\\/www.linkedin.com\\\/company\\\/vitals-today\",\"https:\\\/\\\/bsky.app\\\/profile\\\/vitalstoday.bsky.social\"]},{\"@type\":\"Person\",\"@id\":\"https:\\\/\\\/vitalstoday.com\\\/#\\\/schema\\\/person\\\/80d4eb419238abd54a378eec27dce261\",\"name\":\"Raquel Hernandez\",\"description\":\"Nuestra experta en salud mental y divulgaci\u00f3n cient\u00edfica. Con un profundo compromiso por el bienestar emocional, Raquel escribe sobre investigaciones recientes, descubrimientos relevantes y temas esenciales relacionados con la salud mental.\",\"url\":\"https:\\\/\\\/vitalstoday.com\\\/fr\\\/author\\\/raquelhernandez01\\\/\"}]}<\/script>\n<!-- \/ Yoast SEO plugin. -->","yoast_head_json":{"title":"Quel est le niveau de pr\u00e9valence de l&#039;anxi\u00e9t\u00e9 chronique en Espagne\u00a0? | Vitals Today","description":"En Espagne, 6,6 % des adultes d\u00e9clarent souffrir d&#039;anxi\u00e9t\u00e9 chronique, selon l&#039;Enqu\u00eate espagnole de sant\u00e9 de 2023. Ce chiffre est de 9 % chez les femmes et de 4,1 % chez les hommes.","robots":{"index":"index","follow":"follow","max-snippet":"max-snippet:-1","max-image-preview":"max-image-preview:large","max-video-preview":"max-video-preview:-1"},"canonical":"https:\/\/vitalstoday.com\/fr\/sante-mentale\/quel-est-le-niveau-de-prevalence-de-lanxiete-chronique-en-espagne\/","og_locale":"fr_FR","og_type":"article","og_title":"\u00bfCu\u00e1nta ansiedad cr\u00f3nica hay en Espa\u00f1a? | Vitals Today","og_description":"En Espa\u00f1a, el 6,6 por ciento de los adultos declara padecer ansiedad cr\u00f3nica, seg\u00fan la Encuesta de Salud de Espa\u00f1a 2023. En mujeres la cifra es del 9 por ciento y en hombres del 4,1 por ciento.","og_url":"https:\/\/vitalstoday.com\/fr\/sante-mentale\/quel-est-le-niveau-de-prevalence-de-lanxiete-chronique-en-espagne\/","og_site_name":"Vitals Today","article_publisher":"https:\/\/www.facebook.com\/VitalsToday\/","article_published_time":"2026-03-08T06:25:00+00:00","og_image":[{"width":750,"height":375,"url":"https:\/\/vitalstoday.com\/wp-content\/uploads\/Diseno-sin-titulo-copia-2.jpg","type":"image\/jpeg"}],"author":"Raquel Hernandez","twitter_card":"summary_large_image","twitter_creator":"@VitalsToday","twitter_site":"@VitalsToday","twitter_misc":{"\u00c9crit par":"Raquel Hernandez","Dur\u00e9e de lecture estim\u00e9e":"3 minutes"},"schema":{"@context":"https:\/\/schema.org","@graph":[{"@type":"Article","@id":"https:\/\/vitalstoday.com\/salud-mental\/cuanta-ansiedad-cronica-hay-en-espana\/#article","isPartOf":{"@id":"https:\/\/vitalstoday.com\/salud-mental\/cuanta-ansiedad-cronica-hay-en-espana\/"},"author":{"name":"Raquel Hernandez","@id":"https:\/\/vitalstoday.com\/#\/schema\/person\/80d4eb419238abd54a378eec27dce261"},"headline":"\u00bfCu\u00e1nta ansiedad cr\u00f3nica hay en Espa\u00f1a?","datePublished":"2026-03-08T06:25:00+00:00","mainEntityOfPage":{"@id":"https:\/\/vitalstoday.com\/salud-mental\/cuanta-ansiedad-cronica-hay-en-espana\/"},"wordCount":531,"publisher":{"@id":"https:\/\/vitalstoday.com\/#organization"},"image":{"@id":"https:\/\/vitalstoday.com\/salud-mental\/cuanta-ansiedad-cronica-hay-en-espana\/#primaryimage"},"thumbnailUrl":"https:\/\/vitalstoday.com\/wp-content\/uploads\/Diseno-sin-titulo-copia-2.jpg","keywords":["Ansiedad"],"articleSection":["Salud Mental"],"inLanguage":"fr-FR"},{"@type":"WebPage","@id":"https:\/\/vitalstoday.com\/salud-mental\/cuanta-ansiedad-cronica-hay-en-espana\/","url":"https:\/\/vitalstoday.com\/salud-mental\/cuanta-ansiedad-cronica-hay-en-espana\/","name":"Quel est le niveau de pr\u00e9valence de l&#039;anxi\u00e9t\u00e9 chronique en Espagne\u00a0? | Vitals Today","isPartOf":{"@id":"https:\/\/vitalstoday.com\/#website"},"primaryImageOfPage":{"@id":"https:\/\/vitalstoday.com\/salud-mental\/cuanta-ansiedad-cronica-hay-en-espana\/#primaryimage"},"image":{"@id":"https:\/\/vitalstoday.com\/salud-mental\/cuanta-ansiedad-cronica-hay-en-espana\/#primaryimage"},"thumbnailUrl":"https:\/\/vitalstoday.com\/wp-content\/uploads\/Diseno-sin-titulo-copia-2.jpg","datePublished":"2026-03-08T06:25:00+00:00","description":"En Espagne, 6,6 % des adultes d\u00e9clarent souffrir d&#039;anxi\u00e9t\u00e9 chronique, selon l&#039;Enqu\u00eate espagnole de sant\u00e9 de 2023. Ce chiffre est de 9 % chez les femmes et de 4,1 % chez les hommes.","breadcrumb":{"@id":"https:\/\/vitalstoday.com\/salud-mental\/cuanta-ansiedad-cronica-hay-en-espana\/#breadcrumb"},"inLanguage":"fr-FR","potentialAction":[{"@type":"ReadAction","target":["https:\/\/vitalstoday.com\/salud-mental\/cuanta-ansiedad-cronica-hay-en-espana\/"]}]},{"@type":"ImageObject","inLanguage":"fr-FR","@id":"https:\/\/vitalstoday.com\/salud-mental\/cuanta-ansiedad-cronica-hay-en-espana\/#primaryimage","url":"https:\/\/vitalstoday.com\/wp-content\/uploads\/Diseno-sin-titulo-copia-2.jpg","contentUrl":"https:\/\/vitalstoday.com\/wp-content\/uploads\/Diseno-sin-titulo-copia-2.jpg","width":750,"height":375,"caption":"Canva"},{"@type":"BreadcrumbList","@id":"https:\/\/vitalstoday.com\/salud-mental\/cuanta-ansiedad-cronica-hay-en-espana\/#breadcrumb","itemListElement":[{"@type":"ListItem","position":1,"name":"Salud Mental","item":"https:\/\/vitalstoday.com\/category\/salud-mental\/"},{"@type":"ListItem","position":2,"name":"\u00bfCu\u00e1nta ansiedad cr\u00f3nica hay en Espa\u00f1a?"}]},{"@type":"WebSite","@id":"https:\/\/vitalstoday.com\/#website","url":"https:\/\/vitalstoday.com\/","name":"Vitals Today","description":"Votre guide pour comprendre les m\u00e9dicaments et prendre soin de votre sant\u00e9, o\u00f9 que vous soyez.","publisher":{"@id":"https:\/\/vitalstoday.com\/#organization"},"alternateName":"VitalsToday","potentialAction":[{"@type":"SearchAction","target":{"@type":"EntryPoint","urlTemplate":"https:\/\/vitalstoday.com\/?s={search_term_string}"},"query-input":{"@type":"PropertyValueSpecification","valueRequired":true,"valueName":"search_term_string"}}],"inLanguage":"fr-FR"},{"@type":"Organization","@id":"https:\/\/vitalstoday.com\/#organization","name":"Vitals Today","url":"https:\/\/vitalstoday.com\/","logo":{"@type":"ImageObject","inLanguage":"fr-FR","@id":"https:\/\/vitalstoday.com\/#\/schema\/logo\/image\/","url":"https:\/\/vitalstoday.com\/wp-content\/uploads\/cropped-VitalsToday_Green_Transparent_TextSame_512.png","contentUrl":"https:\/\/vitalstoday.com\/wp-content\/uploads\/cropped-VitalsToday_Green_Transparent_TextSame_512.png","width":512,"height":512,"caption":"Vitals Today"},"image":{"@id":"https:\/\/vitalstoday.com\/#\/schema\/logo\/image\/"},"sameAs":["https:\/\/www.facebook.com\/VitalsToday\/","https:\/\/x.com\/VitalsToday","https:\/\/www.linkedin.com\/company\/vitals-today","https:\/\/bsky.app\/profile\/vitalstoday.bsky.social"]},{"@type":"Person","@id":"https:\/\/vitalstoday.com\/#\/schema\/person\/80d4eb419238abd54a378eec27dce261","name":"Raquel Hernandez","description":"Notre experte en sant\u00e9 mentale et communication scientifique. Profond\u00e9ment engag\u00e9e pour le bien-\u00eatre \u00e9motionnel, Raquel \u00e9crit sur les recherches r\u00e9centes, les d\u00e9couvertes pertinentes et les sujets essentiels li\u00e9s \u00e0 la sant\u00e9 mentale.","url":"https:\/\/vitalstoday.com\/fr\/author\/raquelhernandez01\/"}]}},"jetpack_publicize_connections":[],"jetpack_featured_media_url":"https:\/\/vitalstoday.com\/wp-content\/uploads\/Diseno-sin-titulo-copia-2.jpg","jetpack_sharing_enabled":true,"_links":{"self":[{"href":"https:\/\/vitalstoday.com\/fr\/wp-json\/wp\/v2\/posts\/5566","targetHints":{"allow":["GET"]}}],"collection":[{"href":"https:\/\/vitalstoday.com\/fr\/wp-json\/wp\/v2\/posts"}],"about":[{"href":"https:\/\/vitalstoday.com\/fr\/wp-json\/wp\/v2\/types\/post"}],"author":[{"embeddable":true,"href":"https:\/\/vitalstoday.com\/fr\/wp-json\/wp\/v2\/users\/257725347"}],"replies":[{"embeddable":true,"href":"https:\/\/vitalstoday.com\/fr\/wp-json\/wp\/v2\/comments?post=5566"}],"version-history":[{"count":3,"href":"https:\/\/vitalstoday.com\/fr\/wp-json\/wp\/v2\/posts\/5566\/revisions"}],"predecessor-version":[{"id":5605,"href":"https:\/\/vitalstoday.com\/fr\/wp-json\/wp\/v2\/posts\/5566\/revisions\/5605"}],"wp:featuredmedia":[{"embeddable":true,"href":"https:\/\/vitalstoday.com\/fr\/wp-json\/wp\/v2\/media\/5598"}],"wp:attachment":[{"href":"https:\/\/vitalstoday.com\/fr\/wp-json\/wp\/v2\/media?parent=5566"}],"wp:term":[{"taxonomy":"category","embeddable":true,"href":"https:\/\/vitalstoday.com\/fr\/wp-json\/wp\/v2\/categories?post=5566"},{"taxonomy":"post_tag","embeddable":true,"href":"https:\/\/vitalstoday.com\/fr\/wp-json\/wp\/v2\/tags?post=5566"}],"curies":[{"name":"wp","href":"https:\/\/api.w.org\/{rel}","templated":true}]}}