{"id":5643,"date":"2026-03-10T14:04:00","date_gmt":"2026-03-10T13:04:00","guid":{"rendered":"https:\/\/vitalstoday.com\/?p=5643"},"modified":"2026-03-10T14:00:00","modified_gmt":"2026-03-10T13:00:00","slug":"quel-est-le-taux-de-depression-en-espagne","status":"publish","type":"post","link":"https:\/\/vitalstoday.com\/fr\/salud-mental\/cuanta-depresion-hay-en-espana\/","title":{"rendered":"Quel est le taux de d\u00e9pression en Espagne ?"},"content":{"rendered":"<p>En Espagne, environ 14,61 % de la population \u00e2g\u00e9e de 15 ans et plus a pr\u00e9sent\u00e9 un \u00e9pisode d\u00e9pressif au cours des deux semaines pr\u00e9c\u00e9dant l&#039;enqu\u00eate espagnole sur la sant\u00e9 de 2023, et 8,01 % correspondaient \u00e0 la cat\u00e9gorie des \u00e9pisodes d\u00e9pressifs graves.<\/p>\n\n\n\n<h2 class=\"wp-block-heading\">Que mesurent ces donn\u00e9es sur la d\u00e9pression en Espagne\u00a0?<\/h2>\n\n\n\n<p>Ces donn\u00e9es ne correspondent pas exactement \u00e0 un diagnostic clinique \u00e0 vie, car l&#039;INE mesure les sympt\u00f4mes d\u00e9pressifs actifs r\u00e9cents avec le questionnaire PHQ-8, refl\u00e9tant ainsi l&#039;\u00e9tat de la population sur une p\u00e9riode courte et comparable.<\/p>\n\n\n\n<p>Si l&#039;on \u00e9largit le champ d&#039;investigation \u00e0 tout degr\u00e9 de symptomatologie d\u00e9pressive, la m\u00eame op\u00e9ration statistique donne un chiffre encore plus \u00e9lev\u00e9, puisque 29,91 % de la population \u00e2g\u00e9e de 15 ans et plus a d\u00e9clar\u00e9 pr\u00e9senter un certain niveau de sympt\u00f4mes, allant de l\u00e9gers \u00e0 graves.<\/p>\n\n\n\n<p>Interrog\u00e9s sur leurs probl\u00e8mes de sant\u00e9 ant\u00e9rieurs, la proportion est plus faible\u00a0: 6,51\u00a0% des adultes d\u00e9clarent souffrir de d\u00e9pression, une donn\u00e9e utile pour \u00e9viter de confondre la pr\u00e9valence des sympt\u00f4mes r\u00e9cents avec le poids des diagnostics connus.<\/p>\n\n\n\n<h2 class=\"wp-block-heading\">Augmentation de la d\u00e9pression en Espagne ces derni\u00e8res ann\u00e9es<\/h2>\n\n\n\n<p>L\u2019aggravation r\u00e9cente est manifeste, car les \u00e9pisodes d\u00e9pressifs s\u00e9v\u00e8res ont augment\u00e9 de 5,5 points par rapport \u00e0 2020 et le nombre total d\u2019\u00e9pisodes d\u00e9pressifs a \u00e9galement augment\u00e9, ce qui place l\u2019ann\u00e9e 2023 \u00e0 un niveau de charge plus \u00e9lev\u00e9 que celui mesur\u00e9 apr\u00e8s la pand\u00e9mie.<\/p>\n\n\n\n<p>De plus, le fardeau n&#039;est pas r\u00e9parti de mani\u00e8re \u00e9gale, car la fr\u00e9quence des sympt\u00f4mes d\u00e9pressifs \u00e9tait plus \u00e9lev\u00e9e chez les femmes que chez les hommes, avec 35,1% contre 24,4%, et la diff\u00e9rence s&#039;\u00e9largit particuli\u00e8rement \u00e0 partir de 65 ans.<\/p>\n\n\n\n<p>Un \u00e9cart social important appara\u00eet \u00e9galement, car la d\u00e9pression signal\u00e9e parmi la population sans emploi est trois fois plus \u00e9lev\u00e9e que celle des personnes qui travaillent, avec 10,8% contre 3,9%, ce qui renforce le poids des facteurs \u00e9conomiques et du travail.<\/p>\n\n\n\n<h2 class=\"wp-block-heading\">Qu\u2019en est-il des soins de sant\u00e9 publics\u00a0?<\/h2>\n\n\n\n\n\n\n\n\n<\/p>\n<p data-no-translation\">Toi <a href=\"https:\/\/vitalstoday.com\/fr\/sante-mentale\/comment-la-depression-est-elle-prise-en-charge-dans-le-systeme-de-sante-publique-espagnol\/\">syst\u00e8me de sant\u00e9 publique<\/a> et l&#039;\u2019<a href=\"https:\/\/www.ine.es\/dyngs\/Prensa\/fr\/ESdE2023.htm\">Enqu\u00eate de sant\u00e9 d&#039;Espagne 2023<\/a> Montrent une image compl\u00e9mentaire, car une chose est l&#039;ampleur de la d\u00e9pression ou du mal-\u00eatre \u00e9motionnel et une autre est la partie qui r\u00e9ellement en consultation.<\/p>\n<p>\n\n\n\n<p>Dans cette m\u00eame enqu\u00eate, 7,11 % de la population a d\u00e9clar\u00e9 avoir consult\u00e9 un psychologue, un psychoth\u00e9rapeute ou un psychiatre au cours des douze derniers mois, ce qui confirme que le besoin de soins est important et persistant.<\/p>\n\n\n\n<p>Le Barom\u00e8tre de la sant\u00e9 2025 a ajout\u00e9 une dimension pratique suppl\u00e9mentaire, puisque 20,61 % des personnes interrog\u00e9es ont d\u00e9clar\u00e9 avoir eu besoin de consulter un professionnel au sujet d&#039;un probl\u00e8me de sant\u00e9 mentale ou d&#039;une d\u00e9tresse psychologique ou \u00e9motionnelle au cours de l&#039;ann\u00e9e \u00e9coul\u00e9e.<\/p>\n\n\n\n<p>Parmi ceux qui se sont tourn\u00e9s vers les services de sant\u00e9 publique pour cette raison, le principal professionnel \u00e9tait le psychiatre dans 38,61 % des cas, le m\u00e9decin de famille dans 37,51 % et le psychologue dans 16,61 %, avec des circuits diff\u00e9rents selon la communaut\u00e9 et la situation.<\/p>\n\n\n\n<p>Lorsque ces soins parviennent \u00e0 un sp\u00e9cialiste du r\u00e9seau public, le d\u00e9lai moyen avant la premi\u00e8re consultation \u00e9tait de 77 jours lors de la premi\u00e8re vague du Barom\u00e8tre de la sant\u00e9 2025, un fait qui permet de comprendre pourquoi beaucoup de personnes per\u00e7oivent des retards.<\/p>\n\n\n\n<h2 class=\"wp-block-heading\">Quelle le\u00e7on pratique peut-on tirer de ces chiffres ?<\/h2>\n\n\n\n<p>Globalement, la situation en Espagne sugg\u00e8re que la d\u00e9pression et la d\u00e9tresse \u00e9motionnelle ont un impact important et croissant, touchant davantage les femmes, les personnes inactives et celles qui rencontrent \u00e9galement des obstacles \u00e0 l&#039;acc\u00e8s aux soins ou des temps d&#039;attente.<\/p>\n\n\n\n<p><em>Ce texte est fourni \u00e0 titre informatif seulement et ne remplace pas un avis m\u00e9dical. Si vous \u00eates pr\u00e9occup\u00e9 par votre sant\u00e9 mentale, consultez des sources officielles et un professionnel de la sant\u00e9 pour une \u00e9valuation personnalis\u00e9e.<\/em><\/p>","protected":false},"excerpt":{"rendered":"<p>En Espa\u00f1a alrededor del 14,6% de la poblaci\u00f3n de 15 y m\u00e1s a\u00f1os presentaba un cuadro depresivo en las dos semanas previas a la Encuesta de Salud de Espa\u00f1a 2023, y un 8,0% encajaba en la categor\u00eda de cuadro depresivo severo. \u00bfQu\u00e9 miden estos datos sobre depresi\u00f3n en Espa\u00f1a? Ese dato no equivale exactamente a [&hellip;]<\/p>\n","protected":false},"author":257725347,"featured_media":5672,"comment_status":"closed","ping_status":"closed","sticky":false,"template":"","format":"standard","meta":{"_stopmodifiedupdate":false,"_modified_date":"","_jetpack_memberships_contains_paid_content":false,"jnews-multi-image_gallery":[],"jnews_single_post":{"format":"standard","override":[{"template":"1","parallax":"1","layout":"right-sidebar","sidebar":"default-sidebar","second_sidebar":"default-sidebar","share_position":"float","share_float_style":"share-normal","show_share_counter":"1","show_view_counter":"1","show_featured":"1","show_post_meta":"1","show_post_author":"1","show_post_date":"1","post_date_format":"default","post_date_format_custom":"Y\/m\/d","show_post_reading_time":"1","post_reading_time_wpm":"300","post_calculate_word_method":"str_word_count","zoom_button_out_step":"2","zoom_button_in_step":"3","show_post_tag":"1","show_prev_next_post":"1","number_popup_post":"1","show_post_related":"1"}],"image_override":[{"single_post_thumbnail_size":"crop-500","single_post_gallery_size":"crop-500"}],"trending_post_position":"meta","trending_post_label":"Trending","sponsored_post_label":"Sponsored by","disable_ad":"0","subtitle":"La \u00faltima Encuesta de Salud de Espa\u00f1a sit\u00faa la depresi\u00f3n y el malestar emocional en niveles altos, con m\u00e1s impacto en mujeres y se\u00f1ales de presi\u00f3n asistencial en la red p\u00fablica."},"jnews_primary_category":[],"jnews_override_counter":{"view_counter_number":"0","share_counter_number":"0","like_counter_number":"0","dislike_counter_number":"0"},"footnotes":"","jetpack_publicize_message":"","jetpack_publicize_feature_enabled":true,"jetpack_social_post_already_shared":true,"jetpack_social_options":{"image_generator_settings":{"template":"highway","default_image_id":0,"font":"","enabled":false},"version":2}},"categories":[215],"tags":[214,39],"class_list":["post-5643","post","type-post","status-publish","format-standard","has-post-thumbnail","hentry","category-salud-mental","tag-depresion","tag-espana"],"yoast_head":"<!-- This site is optimized with the Yoast SEO plugin v27.5 - https:\/\/yoast.com\/product\/yoast-seo-wordpress\/ -->\n<title>\u00bfCu\u00e1nta depresi\u00f3n hay en Espa\u00f1a? | Vitals Today<\/title>\n<meta name=\"description\" content=\"En Espa\u00f1a, alrededor del 14,6% de la poblaci\u00f3n de 15 y m\u00e1s a\u00f1os presentaba un cuadro depresivo en las dos semanas previas a la Encuesta de Salud de Espa\u00f1a 2023, y un 8,0% encajaba en la categor\u00eda de cuadro depresivo severo.\" \/>\n<meta name=\"robots\" content=\"index, follow, max-snippet:-1, max-image-preview:large, max-video-preview:-1\" \/>\n<link rel=\"canonical\" href=\"https:\/\/vitalstoday.com\/fr\/sante-mentale\/quel-est-le-taux-de-depression-en-espagne\/\" \/>\n<meta property=\"og:locale\" content=\"fr_FR\" \/>\n<meta property=\"og:type\" content=\"article\" \/>\n<meta property=\"og:title\" content=\"\u00bfCu\u00e1nta depresi\u00f3n hay en Espa\u00f1a? | Vitals Today\" \/>\n<meta property=\"og:description\" content=\"En Espa\u00f1a, alrededor del 14,6% de la poblaci\u00f3n de 15 y m\u00e1s a\u00f1os presentaba un cuadro depresivo en las dos semanas previas a la Encuesta de Salud de Espa\u00f1a 2023, y un 8,0% encajaba en la categor\u00eda de cuadro depresivo severo.\" \/>\n<meta property=\"og:url\" content=\"https:\/\/vitalstoday.com\/fr\/sante-mentale\/quel-est-le-taux-de-depression-en-espagne\/\" \/>\n<meta property=\"og:site_name\" content=\"Vitals Today\" \/>\n<meta property=\"article:publisher\" content=\"https:\/\/www.facebook.com\/VitalsToday\/\" \/>\n<meta property=\"article:published_time\" content=\"2026-03-10T13:04:00+00:00\" \/>\n<meta property=\"og:image\" content=\"https:\/\/vitalstoday.com\/wp-content\/uploads\/Diseno-sin-titulo-copia-5.jpg\" \/>\n\t<meta property=\"og:image:width\" content=\"750\" \/>\n\t<meta property=\"og:image:height\" content=\"375\" \/>\n\t<meta property=\"og:image:type\" content=\"image\/jpeg\" \/>\n<meta name=\"author\" content=\"Raquel Hernandez\" \/>\n<meta name=\"twitter:card\" content=\"summary_large_image\" \/>\n<meta name=\"twitter:creator\" content=\"@VitalsToday\" \/>\n<meta name=\"twitter:site\" content=\"@VitalsToday\" \/>\n<meta name=\"twitter:label1\" content=\"\u00c9crit par\" \/>\n\t<meta name=\"twitter:data1\" content=\"Raquel Hernandez\" \/>\n\t<meta name=\"twitter:label2\" content=\"Dur\u00e9e de lecture estim\u00e9e\" \/>\n\t<meta name=\"twitter:data2\" content=\"4 minutes\" \/>\n<script type=\"application\/ld+json\" class=\"yoast-schema-graph\">{\"@context\":\"https:\\\/\\\/schema.org\",\"@graph\":[{\"@type\":\"Article\",\"@id\":\"https:\\\/\\\/vitalstoday.com\\\/salud-mental\\\/cuanta-depresion-hay-en-espana\\\/#article\",\"isPartOf\":{\"@id\":\"https:\\\/\\\/vitalstoday.com\\\/salud-mental\\\/cuanta-depresion-hay-en-espana\\\/\"},\"author\":{\"name\":\"Raquel Hernandez\",\"@id\":\"https:\\\/\\\/vitalstoday.com\\\/#\\\/schema\\\/person\\\/80d4eb419238abd54a378eec27dce261\"},\"headline\":\"\u00bfCu\u00e1nta depresi\u00f3n hay en Espa\u00f1a?\",\"datePublished\":\"2026-03-10T13:04:00+00:00\",\"mainEntityOfPage\":{\"@id\":\"https:\\\/\\\/vitalstoday.com\\\/salud-mental\\\/cuanta-depresion-hay-en-espana\\\/\"},\"wordCount\":344,\"publisher\":{\"@id\":\"https:\\\/\\\/vitalstoday.com\\\/#organization\"},\"image\":{\"@id\":\"https:\\\/\\\/vitalstoday.com\\\/salud-mental\\\/cuanta-depresion-hay-en-espana\\\/#primaryimage\"},\"thumbnailUrl\":\"https:\\\/\\\/vitalstoday.com\\\/wp-content\\\/uploads\\\/Diseno-sin-titulo-copia-5.jpg\",\"keywords\":[\"Depresi\u00f3n\",\"Espa\u00f1a\"],\"articleSection\":[\"Salud Mental\"],\"inLanguage\":\"fr-FR\"},{\"@type\":\"WebPage\",\"@id\":\"https:\\\/\\\/vitalstoday.com\\\/salud-mental\\\/cuanta-depresion-hay-en-espana\\\/\",\"url\":\"https:\\\/\\\/vitalstoday.com\\\/salud-mental\\\/cuanta-depresion-hay-en-espana\\\/\",\"name\":\"\u00bfCu\u00e1nta depresi\u00f3n hay en Espa\u00f1a? | Vitals Today\",\"isPartOf\":{\"@id\":\"https:\\\/\\\/vitalstoday.com\\\/#website\"},\"primaryImageOfPage\":{\"@id\":\"https:\\\/\\\/vitalstoday.com\\\/salud-mental\\\/cuanta-depresion-hay-en-espana\\\/#primaryimage\"},\"image\":{\"@id\":\"https:\\\/\\\/vitalstoday.com\\\/salud-mental\\\/cuanta-depresion-hay-en-espana\\\/#primaryimage\"},\"thumbnailUrl\":\"https:\\\/\\\/vitalstoday.com\\\/wp-content\\\/uploads\\\/Diseno-sin-titulo-copia-5.jpg\",\"datePublished\":\"2026-03-10T13:04:00+00:00\",\"description\":\"En Espa\u00f1a, alrededor del 14,6% de la poblaci\u00f3n de 15 y m\u00e1s a\u00f1os presentaba un cuadro depresivo en las dos semanas previas a la Encuesta de Salud de Espa\u00f1a 2023, y un 8,0% encajaba en la categor\u00eda de cuadro depresivo severo.\",\"breadcrumb\":{\"@id\":\"https:\\\/\\\/vitalstoday.com\\\/salud-mental\\\/cuanta-depresion-hay-en-espana\\\/#breadcrumb\"},\"inLanguage\":\"fr-FR\",\"potentialAction\":[{\"@type\":\"ReadAction\",\"target\":[\"https:\\\/\\\/vitalstoday.com\\\/salud-mental\\\/cuanta-depresion-hay-en-espana\\\/\"]}]},{\"@type\":\"ImageObject\",\"inLanguage\":\"fr-FR\",\"@id\":\"https:\\\/\\\/vitalstoday.com\\\/salud-mental\\\/cuanta-depresion-hay-en-espana\\\/#primaryimage\",\"url\":\"https:\\\/\\\/vitalstoday.com\\\/wp-content\\\/uploads\\\/Diseno-sin-titulo-copia-5.jpg\",\"contentUrl\":\"https:\\\/\\\/vitalstoday.com\\\/wp-content\\\/uploads\\\/Diseno-sin-titulo-copia-5.jpg\",\"width\":750,\"height\":375,\"caption\":\"Canva\"},{\"@type\":\"BreadcrumbList\",\"@id\":\"https:\\\/\\\/vitalstoday.com\\\/salud-mental\\\/cuanta-depresion-hay-en-espana\\\/#breadcrumb\",\"itemListElement\":[{\"@type\":\"ListItem\",\"position\":1,\"name\":\"Salud Mental\",\"item\":\"https:\\\/\\\/vitalstoday.com\\\/category\\\/salud-mental\\\/\"},{\"@type\":\"ListItem\",\"position\":2,\"name\":\"\u00bfCu\u00e1nta depresi\u00f3n hay en Espa\u00f1a?\"}]},{\"@type\":\"WebSite\",\"@id\":\"https:\\\/\\\/vitalstoday.com\\\/#website\",\"url\":\"https:\\\/\\\/vitalstoday.com\\\/\",\"name\":\"Vitals Today\",\"description\":\"Tu gu\u00eda para entender los medicamentos y cuidar tu salud, est\u00e9s donde est\u00e9s\",\"publisher\":{\"@id\":\"https:\\\/\\\/vitalstoday.com\\\/#organization\"},\"alternateName\":\"VitalsToday\",\"potentialAction\":[{\"@type\":\"SearchAction\",\"target\":{\"@type\":\"EntryPoint\",\"urlTemplate\":\"https:\\\/\\\/vitalstoday.com\\\/?s={search_term_string}\"},\"query-input\":{\"@type\":\"PropertyValueSpecification\",\"valueRequired\":true,\"valueName\":\"search_term_string\"}}],\"inLanguage\":\"fr-FR\"},{\"@type\":\"Organization\",\"@id\":\"https:\\\/\\\/vitalstoday.com\\\/#organization\",\"name\":\"Vitals Today\",\"url\":\"https:\\\/\\\/vitalstoday.com\\\/\",\"logo\":{\"@type\":\"ImageObject\",\"inLanguage\":\"fr-FR\",\"@id\":\"https:\\\/\\\/vitalstoday.com\\\/#\\\/schema\\\/logo\\\/image\\\/\",\"url\":\"https:\\\/\\\/vitalstoday.com\\\/wp-content\\\/uploads\\\/cropped-VitalsToday_Green_Transparent_TextSame_512.png\",\"contentUrl\":\"https:\\\/\\\/vitalstoday.com\\\/wp-content\\\/uploads\\\/cropped-VitalsToday_Green_Transparent_TextSame_512.png\",\"width\":512,\"height\":512,\"caption\":\"Vitals Today\"},\"image\":{\"@id\":\"https:\\\/\\\/vitalstoday.com\\\/#\\\/schema\\\/logo\\\/image\\\/\"},\"sameAs\":[\"https:\\\/\\\/www.facebook.com\\\/VitalsToday\\\/\",\"https:\\\/\\\/x.com\\\/VitalsToday\",\"https:\\\/\\\/www.linkedin.com\\\/company\\\/vitals-today\",\"https:\\\/\\\/bsky.app\\\/profile\\\/vitalstoday.bsky.social\"]},{\"@type\":\"Person\",\"@id\":\"https:\\\/\\\/vitalstoday.com\\\/#\\\/schema\\\/person\\\/80d4eb419238abd54a378eec27dce261\",\"name\":\"Raquel Hernandez\",\"description\":\"Nuestra experta en salud mental y divulgaci\u00f3n cient\u00edfica. Con un profundo compromiso por el bienestar emocional, Raquel escribe sobre investigaciones recientes, descubrimientos relevantes y temas esenciales relacionados con la salud mental.\",\"url\":\"https:\\\/\\\/vitalstoday.com\\\/fr\\\/author\\\/raquelhernandez01\\\/\"}]}<\/script>\n<!-- \/ Yoast SEO plugin. -->","yoast_head_json":{"title":"Quel est le taux de d\u00e9pression en Espagne ? | Vitals Today","description":"En Espagne, environ 14,61 % de la population \u00e2g\u00e9e de 15 ans et plus a pr\u00e9sent\u00e9 un \u00e9pisode d\u00e9pressif au cours des deux semaines pr\u00e9c\u00e9dant l&#039;enqu\u00eate espagnole sur la sant\u00e9 de 2023, et 8,01 % correspondaient \u00e0 la cat\u00e9gorie des \u00e9pisodes d\u00e9pressifs graves.","robots":{"index":"index","follow":"follow","max-snippet":"max-snippet:-1","max-image-preview":"max-image-preview:large","max-video-preview":"max-video-preview:-1"},"canonical":"https:\/\/vitalstoday.com\/fr\/sante-mentale\/quel-est-le-taux-de-depression-en-espagne\/","og_locale":"fr_FR","og_type":"article","og_title":"\u00bfCu\u00e1nta depresi\u00f3n hay en Espa\u00f1a? | Vitals Today","og_description":"En Espa\u00f1a, alrededor del 14,6% de la poblaci\u00f3n de 15 y m\u00e1s a\u00f1os presentaba un cuadro depresivo en las dos semanas previas a la Encuesta de Salud de Espa\u00f1a 2023, y un 8,0% encajaba en la categor\u00eda de cuadro depresivo severo.","og_url":"https:\/\/vitalstoday.com\/fr\/sante-mentale\/quel-est-le-taux-de-depression-en-espagne\/","og_site_name":"Vitals Today","article_publisher":"https:\/\/www.facebook.com\/VitalsToday\/","article_published_time":"2026-03-10T13:04:00+00:00","og_image":[{"width":750,"height":375,"url":"https:\/\/vitalstoday.com\/wp-content\/uploads\/Diseno-sin-titulo-copia-5.jpg","type":"image\/jpeg"}],"author":"Raquel Hernandez","twitter_card":"summary_large_image","twitter_creator":"@VitalsToday","twitter_site":"@VitalsToday","twitter_misc":{"\u00c9crit par":"Raquel Hernandez","Dur\u00e9e de lecture estim\u00e9e":"4 minutes"},"schema":{"@context":"https:\/\/schema.org","@graph":[{"@type":"Article","@id":"https:\/\/vitalstoday.com\/salud-mental\/cuanta-depresion-hay-en-espana\/#article","isPartOf":{"@id":"https:\/\/vitalstoday.com\/salud-mental\/cuanta-depresion-hay-en-espana\/"},"author":{"name":"Raquel Hernandez","@id":"https:\/\/vitalstoday.com\/#\/schema\/person\/80d4eb419238abd54a378eec27dce261"},"headline":"\u00bfCu\u00e1nta depresi\u00f3n hay en Espa\u00f1a?","datePublished":"2026-03-10T13:04:00+00:00","mainEntityOfPage":{"@id":"https:\/\/vitalstoday.com\/salud-mental\/cuanta-depresion-hay-en-espana\/"},"wordCount":344,"publisher":{"@id":"https:\/\/vitalstoday.com\/#organization"},"image":{"@id":"https:\/\/vitalstoday.com\/salud-mental\/cuanta-depresion-hay-en-espana\/#primaryimage"},"thumbnailUrl":"https:\/\/vitalstoday.com\/wp-content\/uploads\/Diseno-sin-titulo-copia-5.jpg","keywords":["Depresi\u00f3n","Espa\u00f1a"],"articleSection":["Salud Mental"],"inLanguage":"fr-FR"},{"@type":"WebPage","@id":"https:\/\/vitalstoday.com\/salud-mental\/cuanta-depresion-hay-en-espana\/","url":"https:\/\/vitalstoday.com\/salud-mental\/cuanta-depresion-hay-en-espana\/","name":"Quel est le taux de d\u00e9pression en Espagne ? | Vitals Today","isPartOf":{"@id":"https:\/\/vitalstoday.com\/#website"},"primaryImageOfPage":{"@id":"https:\/\/vitalstoday.com\/salud-mental\/cuanta-depresion-hay-en-espana\/#primaryimage"},"image":{"@id":"https:\/\/vitalstoday.com\/salud-mental\/cuanta-depresion-hay-en-espana\/#primaryimage"},"thumbnailUrl":"https:\/\/vitalstoday.com\/wp-content\/uploads\/Diseno-sin-titulo-copia-5.jpg","datePublished":"2026-03-10T13:04:00+00:00","description":"En Espagne, environ 14,61 % de la population \u00e2g\u00e9e de 15 ans et plus a pr\u00e9sent\u00e9 un \u00e9pisode d\u00e9pressif au cours des deux semaines pr\u00e9c\u00e9dant l&#039;enqu\u00eate espagnole sur la sant\u00e9 de 2023, et 8,01 % correspondaient \u00e0 la cat\u00e9gorie des \u00e9pisodes d\u00e9pressifs graves.","breadcrumb":{"@id":"https:\/\/vitalstoday.com\/salud-mental\/cuanta-depresion-hay-en-espana\/#breadcrumb"},"inLanguage":"fr-FR","potentialAction":[{"@type":"ReadAction","target":["https:\/\/vitalstoday.com\/salud-mental\/cuanta-depresion-hay-en-espana\/"]}]},{"@type":"ImageObject","inLanguage":"fr-FR","@id":"https:\/\/vitalstoday.com\/salud-mental\/cuanta-depresion-hay-en-espana\/#primaryimage","url":"https:\/\/vitalstoday.com\/wp-content\/uploads\/Diseno-sin-titulo-copia-5.jpg","contentUrl":"https:\/\/vitalstoday.com\/wp-content\/uploads\/Diseno-sin-titulo-copia-5.jpg","width":750,"height":375,"caption":"Canva"},{"@type":"BreadcrumbList","@id":"https:\/\/vitalstoday.com\/salud-mental\/cuanta-depresion-hay-en-espana\/#breadcrumb","itemListElement":[{"@type":"ListItem","position":1,"name":"Salud Mental","item":"https:\/\/vitalstoday.com\/category\/salud-mental\/"},{"@type":"ListItem","position":2,"name":"\u00bfCu\u00e1nta depresi\u00f3n hay en Espa\u00f1a?"}]},{"@type":"WebSite","@id":"https:\/\/vitalstoday.com\/#website","url":"https:\/\/vitalstoday.com\/","name":"Vitals Today","description":"Votre guide pour comprendre les m\u00e9dicaments et prendre soin de votre sant\u00e9, o\u00f9 que vous soyez.","publisher":{"@id":"https:\/\/vitalstoday.com\/#organization"},"alternateName":"VitalsToday","potentialAction":[{"@type":"SearchAction","target":{"@type":"EntryPoint","urlTemplate":"https:\/\/vitalstoday.com\/?s={search_term_string}"},"query-input":{"@type":"PropertyValueSpecification","valueRequired":true,"valueName":"search_term_string"}}],"inLanguage":"fr-FR"},{"@type":"Organization","@id":"https:\/\/vitalstoday.com\/#organization","name":"Vitals Today","url":"https:\/\/vitalstoday.com\/","logo":{"@type":"ImageObject","inLanguage":"fr-FR","@id":"https:\/\/vitalstoday.com\/#\/schema\/logo\/image\/","url":"https:\/\/vitalstoday.com\/wp-content\/uploads\/cropped-VitalsToday_Green_Transparent_TextSame_512.png","contentUrl":"https:\/\/vitalstoday.com\/wp-content\/uploads\/cropped-VitalsToday_Green_Transparent_TextSame_512.png","width":512,"height":512,"caption":"Vitals Today"},"image":{"@id":"https:\/\/vitalstoday.com\/#\/schema\/logo\/image\/"},"sameAs":["https:\/\/www.facebook.com\/VitalsToday\/","https:\/\/x.com\/VitalsToday","https:\/\/www.linkedin.com\/company\/vitals-today","https:\/\/bsky.app\/profile\/vitalstoday.bsky.social"]},{"@type":"Person","@id":"https:\/\/vitalstoday.com\/#\/schema\/person\/80d4eb419238abd54a378eec27dce261","name":"Raquel Hernandez","description":"Notre experte en sant\u00e9 mentale et communication scientifique. Profond\u00e9ment engag\u00e9e pour le bien-\u00eatre \u00e9motionnel, Raquel \u00e9crit sur les recherches r\u00e9centes, les d\u00e9couvertes pertinentes et les sujets essentiels li\u00e9s \u00e0 la sant\u00e9 mentale.","url":"https:\/\/vitalstoday.com\/fr\/author\/raquelhernandez01\/"}]}},"jetpack_publicize_connections":[],"jetpack_featured_media_url":"https:\/\/vitalstoday.com\/wp-content\/uploads\/Diseno-sin-titulo-copia-5.jpg","jetpack_sharing_enabled":true,"_links":{"self":[{"href":"https:\/\/vitalstoday.com\/fr\/wp-json\/wp\/v2\/posts\/5643","targetHints":{"allow":["GET"]}}],"collection":[{"href":"https:\/\/vitalstoday.com\/fr\/wp-json\/wp\/v2\/posts"}],"about":[{"href":"https:\/\/vitalstoday.com\/fr\/wp-json\/wp\/v2\/types\/post"}],"author":[{"embeddable":true,"href":"https:\/\/vitalstoday.com\/fr\/wp-json\/wp\/v2\/users\/257725347"}],"replies":[{"embeddable":true,"href":"https:\/\/vitalstoday.com\/fr\/wp-json\/wp\/v2\/comments?post=5643"}],"version-history":[{"count":3,"href":"https:\/\/vitalstoday.com\/fr\/wp-json\/wp\/v2\/posts\/5643\/revisions"}],"predecessor-version":[{"id":5684,"href":"https:\/\/vitalstoday.com\/fr\/wp-json\/wp\/v2\/posts\/5643\/revisions\/5684"}],"wp:featuredmedia":[{"embeddable":true,"href":"https:\/\/vitalstoday.com\/fr\/wp-json\/wp\/v2\/media\/5672"}],"wp:attachment":[{"href":"https:\/\/vitalstoday.com\/fr\/wp-json\/wp\/v2\/media?parent=5643"}],"wp:term":[{"taxonomy":"category","embeddable":true,"href":"https:\/\/vitalstoday.com\/fr\/wp-json\/wp\/v2\/categories?post=5643"},{"taxonomy":"post_tag","embeddable":true,"href":"https:\/\/vitalstoday.com\/fr\/wp-json\/wp\/v2\/tags?post=5643"}],"curies":[{"name":"wp","href":"https:\/\/api.w.org\/{rel}","templated":true}]}}