{"id":5644,"date":"2026-03-13T08:00:00","date_gmt":"2026-03-13T07:00:00","guid":{"rendered":"https:\/\/vitalstoday.com\/?p=5644"},"modified":"2026-03-11T23:54:13","modified_gmt":"2026-03-11T22:54:13","slug":"pourquoi-le-stress-au-travail-est-il-un-probleme-en-espagne","status":"publish","type":"post","link":"https:\/\/vitalstoday.com\/fr\/salud-mental\/por-que-preocupa-el-estres-laboral-en-espana\/","title":{"rendered":"Pourquoi le stress au travail est-il un probl\u00e8me en Espagne\u00a0?"},"content":{"rendered":"<p>En Espagne, le stress au travail est une pr\u00e9occupation croissante car l&#039;impact des probl\u00e8mes de sant\u00e9 mentale au travail n&#039;est plus consid\u00e9r\u00e9 comme un probl\u00e8me mineur. Les sources officielles l&#039;inscrivent dans le contexte d&#039;une pression accrue sur la population active et sur le syst\u00e8me de sant\u00e9 lui-m\u00eame.<\/p>\n\n\n\n<h2 class=\"wp-block-heading\">Que signifie parler de stress li\u00e9 au travail en Espagne ?<\/h2>\n\n\n\n\n\n\n\n\n<\/p>\n<p data-no-translation\">Pour le\u2019<a href=\"https:\/\/www.who.int\/fr\/news-room\/fact-sheets\/detail\/mental-health-at-work\">l\u2019OMS<\/a>, le travail de protection de la sant\u00e9 mentale, mais aussi la d\u00e9t\u00e9rioration, il existe une surcharge, de la part de l&#039;ins\u00e9curit\u00e9, de la violence ou du contr\u00f4le de la t\u00e2che.<\/p>\n<p>\n\n\n\n<p>Cette distinction est tr\u00e8s importante. Il ne s&#039;agit pas seulement de se sentir fatigu\u00e9 en fin de journ\u00e9e, mais d&#039;un ensemble de conditions de travail susceptibles de nuire au bien-\u00eatre \u00e9motionnel et, \u00e0 terme, de conduire \u00e0 consulter un m\u00e9decin ou \u00e0 prendre un cong\u00e9 maladie.<\/p>\n\n\n\n<h2 class=\"wp-block-heading\">Quelles donn\u00e9es officielles expliquent cette inqui\u00e9tude ?<\/h2>\n\n\n\n<p>L\u2019INSST (Institut national pour la s\u00e9curit\u00e9 et la sant\u00e9 au travail) indique que les troubles mentaux constituent d\u00e9sormais la deuxi\u00e8me cause d\u2019incapacit\u00e9 temporaire de travail en Espagne. Dans son rapport, l\u2019INSST souligne que la d\u00e9pression est la cause la plus fr\u00e9quente d\u2019arr\u00eat de travail de plus de quinze jours.<\/p>\n\n\n\n<p>Ce m\u00eame cadre officiel fait \u00e9galement \u00e9tat d&#039;une tr\u00e8s forte augmentation des arr\u00eats maladie li\u00e9s \u00e0 des sympt\u00f4mes \u00e9motionnels, \u00e0 des diagnostics de stress s\u00e9v\u00e8re et \u00e0 des troubles anxieux entre 2018 et 2024. L&#039;interpr\u00e9tation est claire\u00a0: le probl\u00e8me a pris une ampleur consid\u00e9rable.<\/p>\n\n\n\n<h2 class=\"wp-block-heading\">Pourquoi l&#039;attention n&#039;est-elle plus uniquement port\u00e9e sur la personne ?<\/h2>\n\n\n\n<p>En 2025, le minist\u00e8re de la Sant\u00e9 a pr\u00e9sent\u00e9 une feuille de route pr\u00e9cise sur le travail et la sant\u00e9 mentale. Ce document d\u00e9place le d\u00e9bat d&#039;une perspective purement individuelle vers l&#039;impact de la pr\u00e9carit\u00e9 de l&#039;emploi, de la surcharge de travail, de l&#039;ins\u00e9curit\u00e9 et du harc\u00e8lement.<\/p>\n\n\n\n<p>Ce changement de perspective \u00e9vite de tout r\u00e9duire \u00e0 la seule r\u00e9silience personnelle ou \u00e0 un inconfort passager. L&#039;id\u00e9e centrale est que certaines souffrances psychologiques peuvent avoir leur origine ou s&#039;aggraver au travail, et qu&#039;il est donc n\u00e9cessaire de mieux les identifier.<\/p>\n\n\n\n<h2 class=\"wp-block-heading\">Comment le syst\u00e8me de sant\u00e9 compte-t-il r\u00e9agir ?<\/h2>\n\n\n\n<p>La feuille de route propose trois mesures concr\u00e8tes au sein du syst\u00e8me de sant\u00e9. La premi\u00e8re consiste \u00e0 s&#039;enqu\u00e9rir plus syst\u00e9matiquement des conditions de travail lorsque survient une d\u00e9tresse psychologique potentiellement li\u00e9e \u00e0 l&#039;emploi.<\/p>\n\n\n\n<p>La deuxi\u00e8me \u00e9tape consiste \u00e0 \u00e9valuer s&#039;il existe un soup\u00e7on raisonnable d&#039;origine professionnelle. La troisi\u00e8me consiste \u00e0 consigner ces facteurs dans le dossier m\u00e9dical \u00e0 l&#039;aide de codes qui am\u00e9liorent la prise en charge et, simultan\u00e9ment, permettent de g\u00e9n\u00e9rer des donn\u00e9es agr\u00e9g\u00e9es plus pertinentes.<\/p>\n\n\n\n<h2 class=\"wp-block-heading\">Quelle place occupe-t-elle dans la politique de sant\u00e9 espagnole ?<\/h2>\n\n\n\n<p>Le Plan d\u2019action pour la sant\u00e9 mentale 2025-2027 fait du renforcement des ressources humaines en sant\u00e9 mentale une priorit\u00e9. La psychiatrie, la psychologie clinique et les soins infirmiers sp\u00e9cialis\u00e9s sont identifi\u00e9s comme des domaines que le syst\u00e8me entend consolider.<\/p>\n\n\n\n<p>Cela ne signifie pas qu&#039;il existe une solution rapide ou uniforme \u00e0 l&#039;\u00e9chelle de l&#039;Espagne. Cela indique simplement que la sant\u00e9 mentale est consid\u00e9r\u00e9e comme un besoin structurel, m\u00eame lorsque le travail constitue un facteur d\u00e9clencheur ou aggravant de la d\u00e9tresse.<\/p>\n\n\n\n<h2 class=\"wp-block-heading\">Quelles le\u00e7ons utiles peut-on tirer de ce sujet pour ceux qui vivent ou travaillent en Espagne\u00a0?<\/h2>\n\n\n\n<p>Le principal enseignement \u00e0 retenir est que le stress au travail en Espagne n&#039;est plus consid\u00e9r\u00e9 comme un probl\u00e8me purement priv\u00e9 que chacun doit r\u00e9soudre seul. Les institutions de sant\u00e9 et les organisations internationales le prennent d\u00e9sormais en compte comme un facteur inh\u00e9rent aux r\u00e9alit\u00e9s de l&#039;emploi.<\/p>\n\n\n\n\n\n\n\n\n<\/p>\n<p data-no-translation\">Quand le mal-\u00eatre dure, beaucoup de personnes finissent par en parler \u00e0 leur m\u00e9decin traitant, \u00e0 un <a href=\"https:\/\/vitalstoday.com\/fr\/sante-mentale\/comment-puis-je-consulter-un-psychologue-via-le-systeme-de-sante-publique-en-espagne\/\">psychologue<\/a> ou \u00e0 la psychiatrie. Comprendre ce parcours aide \u00e0 remplacer le probl\u00e8me dans son contexte et avec moins de culpabilit\u00e9.<\/p>\n<p>\n\n\n\n<p><em>Ce texte est fourni \u00e0 titre informatif seulement et ne remplace pas un avis m\u00e9dical. Si votre d\u00e9tresse psychologique persiste ou perturbe votre vie quotidienne, consultez toujours un professionnel de la sant\u00e9.<\/em><\/p>","protected":false},"excerpt":{"rendered":"<p>En Espa\u00f1a el estr\u00e9s laboral preocupa porque el impacto de la salud mental en el trabajo ya no se ve como un problema menor. Las fuentes oficiales lo sit\u00faan dentro de una presi\u00f3n creciente sobre la poblaci\u00f3n trabajadora y sobre el propio sistema sanitario. \u00bfQu\u00e9 significa hablar de estr\u00e9s laboral en Espa\u00f1a? Ese matiz importa [&hellip;]<\/p>\n","protected":false},"author":257725347,"featured_media":5707,"comment_status":"closed","ping_status":"closed","sticky":false,"template":"","format":"standard","meta":{"_stopmodifiedupdate":false,"_modified_date":"","_jetpack_memberships_contains_paid_content":false,"jnews-multi-image_gallery":[],"jnews_single_post":{"format":"standard","override":[{"template":"1","parallax":"1","layout":"right-sidebar","sidebar":"default-sidebar","second_sidebar":"default-sidebar","share_position":"float","share_float_style":"share-normal","show_share_counter":"1","show_view_counter":"1","show_featured":"1","show_post_meta":"1","show_post_author":"1","show_post_date":"1","post_date_format":"default","post_date_format_custom":"Y\/m\/d","show_post_reading_time":"1","post_reading_time_wpm":"300","post_calculate_word_method":"str_word_count","zoom_button_out_step":"2","zoom_button_in_step":"3","show_post_tag":"1","show_prev_next_post":"1","number_popup_post":"1","show_post_related":"1"}],"image_override":[{"single_post_thumbnail_size":"crop-500","single_post_gallery_size":"crop-500"}],"trending_post_position":"meta","trending_post_label":"Trending","sponsored_post_label":"Sponsored by","disable_ad":"0","subtitle":"Datos oficiales recientes y enfoque institucional sobre por qu\u00e9 el estr\u00e9s laboral ha pasado a ocupar un lugar estable en el debate sanitario y preventivo en Espa\u00f1a."},"jnews_primary_category":[],"jnews_override_counter":{"view_counter_number":"0","share_counter_number":"0","like_counter_number":"0","dislike_counter_number":"0"},"footnotes":"","jetpack_publicize_message":"","jetpack_publicize_feature_enabled":true,"jetpack_social_post_already_shared":true,"jetpack_social_options":{"image_generator_settings":{"template":"highway","default_image_id":0,"font":"","enabled":false},"version":2}},"categories":[215],"tags":[230,39],"class_list":["post-5644","post","type-post","status-publish","format-standard","has-post-thumbnail","hentry","category-salud-mental","tag-ansiedad","tag-espana"],"yoast_head":"<!-- This site is optimized with the Yoast SEO plugin v27.5 - https:\/\/yoast.com\/product\/yoast-seo-wordpress\/ -->\n<title>\u00bfPor qu\u00e9 preocupa el estr\u00e9s laboral en Espa\u00f1a? | Vitals Today<\/title>\n<meta name=\"description\" content=\"En Espa\u00f1a el estr\u00e9s laboral preocupa porque el impacto de la salud mental en el trabajo ya no se ve como un problema menor. Las fuentes oficiales lo sit\u00faan dentro de una presi\u00f3n creciente sobre la poblaci\u00f3n trabajadora y sobre el propio sistema sanitario.\" \/>\n<meta name=\"robots\" content=\"index, follow, max-snippet:-1, max-image-preview:large, max-video-preview:-1\" \/>\n<link rel=\"canonical\" href=\"https:\/\/vitalstoday.com\/fr\/sante-mentale\/pourquoi-le-stress-au-travail-est-il-un-probleme-en-espagne\/\" \/>\n<meta property=\"og:locale\" content=\"fr_FR\" \/>\n<meta property=\"og:type\" content=\"article\" \/>\n<meta property=\"og:title\" content=\"\u00bfPor qu\u00e9 preocupa el estr\u00e9s laboral en Espa\u00f1a? | Vitals Today\" \/>\n<meta property=\"og:description\" content=\"En Espa\u00f1a el estr\u00e9s laboral preocupa porque el impacto de la salud mental en el trabajo ya no se ve como un problema menor. Las fuentes oficiales lo sit\u00faan dentro de una presi\u00f3n creciente sobre la poblaci\u00f3n trabajadora y sobre el propio sistema sanitario.\" \/>\n<meta property=\"og:url\" content=\"https:\/\/vitalstoday.com\/fr\/sante-mentale\/pourquoi-le-stress-au-travail-est-il-un-probleme-en-espagne\/\" \/>\n<meta property=\"og:site_name\" content=\"Vitals Today\" \/>\n<meta property=\"article:publisher\" content=\"https:\/\/www.facebook.com\/VitalsToday\/\" \/>\n<meta property=\"article:published_time\" content=\"2026-03-13T07:00:00+00:00\" \/>\n<meta property=\"og:image\" content=\"https:\/\/vitalstoday.com\/wp-content\/uploads\/FOTOS-VITAL-TODAY-copia-2-4.jpg\" \/>\n\t<meta property=\"og:image:width\" content=\"900\" \/>\n\t<meta property=\"og:image:height\" content=\"600\" \/>\n\t<meta property=\"og:image:type\" content=\"image\/jpeg\" \/>\n<meta name=\"author\" content=\"Raquel Hernandez\" \/>\n<meta name=\"twitter:card\" content=\"summary_large_image\" \/>\n<meta name=\"twitter:creator\" content=\"@VitalsToday\" \/>\n<meta name=\"twitter:site\" content=\"@VitalsToday\" \/>\n<meta name=\"twitter:label1\" content=\"\u00c9crit par\" \/>\n\t<meta name=\"twitter:data1\" content=\"Raquel Hernandez\" \/>\n\t<meta name=\"twitter:label2\" content=\"Dur\u00e9e de lecture estim\u00e9e\" \/>\n\t<meta name=\"twitter:data2\" content=\"4 minutes\" \/>\n<script type=\"application\/ld+json\" class=\"yoast-schema-graph\">{\"@context\":\"https:\\\/\\\/schema.org\",\"@graph\":[{\"@type\":\"Article\",\"@id\":\"https:\\\/\\\/vitalstoday.com\\\/salud-mental\\\/por-que-preocupa-el-estres-laboral-en-espana\\\/#article\",\"isPartOf\":{\"@id\":\"https:\\\/\\\/vitalstoday.com\\\/salud-mental\\\/por-que-preocupa-el-estres-laboral-en-espana\\\/\"},\"author\":{\"name\":\"Raquel Hernandez\",\"@id\":\"https:\\\/\\\/vitalstoday.com\\\/#\\\/schema\\\/person\\\/80d4eb419238abd54a378eec27dce261\"},\"headline\":\"\u00bfPor qu\u00e9 preocupa el estr\u00e9s laboral en Espa\u00f1a?\",\"datePublished\":\"2026-03-13T07:00:00+00:00\",\"mainEntityOfPage\":{\"@id\":\"https:\\\/\\\/vitalstoday.com\\\/salud-mental\\\/por-que-preocupa-el-estres-laboral-en-espana\\\/\"},\"wordCount\":73,\"publisher\":{\"@id\":\"https:\\\/\\\/vitalstoday.com\\\/#organization\"},\"image\":{\"@id\":\"https:\\\/\\\/vitalstoday.com\\\/salud-mental\\\/por-que-preocupa-el-estres-laboral-en-espana\\\/#primaryimage\"},\"thumbnailUrl\":\"https:\\\/\\\/vitalstoday.com\\\/wp-content\\\/uploads\\\/FOTOS-VITAL-TODAY-copia-2-4.jpg\",\"keywords\":[\"Ansiedad\",\"Espa\u00f1a\"],\"articleSection\":[\"Salud Mental\"],\"inLanguage\":\"fr-FR\"},{\"@type\":\"WebPage\",\"@id\":\"https:\\\/\\\/vitalstoday.com\\\/salud-mental\\\/por-que-preocupa-el-estres-laboral-en-espana\\\/\",\"url\":\"https:\\\/\\\/vitalstoday.com\\\/salud-mental\\\/por-que-preocupa-el-estres-laboral-en-espana\\\/\",\"name\":\"\u00bfPor qu\u00e9 preocupa el estr\u00e9s laboral en Espa\u00f1a? | Vitals Today\",\"isPartOf\":{\"@id\":\"https:\\\/\\\/vitalstoday.com\\\/#website\"},\"primaryImageOfPage\":{\"@id\":\"https:\\\/\\\/vitalstoday.com\\\/salud-mental\\\/por-que-preocupa-el-estres-laboral-en-espana\\\/#primaryimage\"},\"image\":{\"@id\":\"https:\\\/\\\/vitalstoday.com\\\/salud-mental\\\/por-que-preocupa-el-estres-laboral-en-espana\\\/#primaryimage\"},\"thumbnailUrl\":\"https:\\\/\\\/vitalstoday.com\\\/wp-content\\\/uploads\\\/FOTOS-VITAL-TODAY-copia-2-4.jpg\",\"datePublished\":\"2026-03-13T07:00:00+00:00\",\"description\":\"En Espa\u00f1a el estr\u00e9s laboral preocupa porque el impacto de la salud mental en el trabajo ya no se ve como un problema menor. Las fuentes oficiales lo sit\u00faan dentro de una presi\u00f3n creciente sobre la poblaci\u00f3n trabajadora y sobre el propio sistema sanitario.\",\"breadcrumb\":{\"@id\":\"https:\\\/\\\/vitalstoday.com\\\/salud-mental\\\/por-que-preocupa-el-estres-laboral-en-espana\\\/#breadcrumb\"},\"inLanguage\":\"fr-FR\",\"potentialAction\":[{\"@type\":\"ReadAction\",\"target\":[\"https:\\\/\\\/vitalstoday.com\\\/salud-mental\\\/por-que-preocupa-el-estres-laboral-en-espana\\\/\"]}]},{\"@type\":\"ImageObject\",\"inLanguage\":\"fr-FR\",\"@id\":\"https:\\\/\\\/vitalstoday.com\\\/salud-mental\\\/por-que-preocupa-el-estres-laboral-en-espana\\\/#primaryimage\",\"url\":\"https:\\\/\\\/vitalstoday.com\\\/wp-content\\\/uploads\\\/FOTOS-VITAL-TODAY-copia-2-4.jpg\",\"contentUrl\":\"https:\\\/\\\/vitalstoday.com\\\/wp-content\\\/uploads\\\/FOTOS-VITAL-TODAY-copia-2-4.jpg\",\"width\":900,\"height\":600,\"caption\":\"Canva\"},{\"@type\":\"BreadcrumbList\",\"@id\":\"https:\\\/\\\/vitalstoday.com\\\/salud-mental\\\/por-que-preocupa-el-estres-laboral-en-espana\\\/#breadcrumb\",\"itemListElement\":[{\"@type\":\"ListItem\",\"position\":1,\"name\":\"Salud Mental\",\"item\":\"https:\\\/\\\/vitalstoday.com\\\/category\\\/salud-mental\\\/\"},{\"@type\":\"ListItem\",\"position\":2,\"name\":\"\u00bfPor qu\u00e9 preocupa el estr\u00e9s laboral en Espa\u00f1a?\"}]},{\"@type\":\"WebSite\",\"@id\":\"https:\\\/\\\/vitalstoday.com\\\/#website\",\"url\":\"https:\\\/\\\/vitalstoday.com\\\/\",\"name\":\"Vitals Today\",\"description\":\"Tu gu\u00eda para entender los medicamentos y cuidar tu salud, est\u00e9s donde est\u00e9s\",\"publisher\":{\"@id\":\"https:\\\/\\\/vitalstoday.com\\\/#organization\"},\"alternateName\":\"VitalsToday\",\"potentialAction\":[{\"@type\":\"SearchAction\",\"target\":{\"@type\":\"EntryPoint\",\"urlTemplate\":\"https:\\\/\\\/vitalstoday.com\\\/?s={search_term_string}\"},\"query-input\":{\"@type\":\"PropertyValueSpecification\",\"valueRequired\":true,\"valueName\":\"search_term_string\"}}],\"inLanguage\":\"fr-FR\"},{\"@type\":\"Organization\",\"@id\":\"https:\\\/\\\/vitalstoday.com\\\/#organization\",\"name\":\"Vitals Today\",\"url\":\"https:\\\/\\\/vitalstoday.com\\\/\",\"logo\":{\"@type\":\"ImageObject\",\"inLanguage\":\"fr-FR\",\"@id\":\"https:\\\/\\\/vitalstoday.com\\\/#\\\/schema\\\/logo\\\/image\\\/\",\"url\":\"https:\\\/\\\/vitalstoday.com\\\/wp-content\\\/uploads\\\/cropped-VitalsToday_Green_Transparent_TextSame_512.png\",\"contentUrl\":\"https:\\\/\\\/vitalstoday.com\\\/wp-content\\\/uploads\\\/cropped-VitalsToday_Green_Transparent_TextSame_512.png\",\"width\":512,\"height\":512,\"caption\":\"Vitals Today\"},\"image\":{\"@id\":\"https:\\\/\\\/vitalstoday.com\\\/#\\\/schema\\\/logo\\\/image\\\/\"},\"sameAs\":[\"https:\\\/\\\/www.facebook.com\\\/VitalsToday\\\/\",\"https:\\\/\\\/x.com\\\/VitalsToday\",\"https:\\\/\\\/www.linkedin.com\\\/company\\\/vitals-today\",\"https:\\\/\\\/bsky.app\\\/profile\\\/vitalstoday.bsky.social\"]},{\"@type\":\"Person\",\"@id\":\"https:\\\/\\\/vitalstoday.com\\\/#\\\/schema\\\/person\\\/80d4eb419238abd54a378eec27dce261\",\"name\":\"Raquel Hernandez\",\"description\":\"Nuestra experta en salud mental y divulgaci\u00f3n cient\u00edfica. Con un profundo compromiso por el bienestar emocional, Raquel escribe sobre investigaciones recientes, descubrimientos relevantes y temas esenciales relacionados con la salud mental.\",\"url\":\"https:\\\/\\\/vitalstoday.com\\\/fr\\\/author\\\/raquelhernandez01\\\/\"}]}<\/script>\n<!-- \/ Yoast SEO plugin. -->","yoast_head_json":{"title":"Pourquoi le stress au travail est-il un probl\u00e8me en Espagne\u00a0? | Vitals Today","description":"En Espagne, le stress au travail est une pr\u00e9occupation croissante car l&#039;impact des probl\u00e8mes de sant\u00e9 mentale au travail n&#039;est plus consid\u00e9r\u00e9 comme un probl\u00e8me mineur. Les sources officielles l&#039;inscrivent dans le contexte d&#039;une pression accrue sur la population active et sur le syst\u00e8me de sant\u00e9 lui-m\u00eame.","robots":{"index":"index","follow":"follow","max-snippet":"max-snippet:-1","max-image-preview":"max-image-preview:large","max-video-preview":"max-video-preview:-1"},"canonical":"https:\/\/vitalstoday.com\/fr\/sante-mentale\/pourquoi-le-stress-au-travail-est-il-un-probleme-en-espagne\/","og_locale":"fr_FR","og_type":"article","og_title":"\u00bfPor qu\u00e9 preocupa el estr\u00e9s laboral en Espa\u00f1a? | Vitals Today","og_description":"En Espa\u00f1a el estr\u00e9s laboral preocupa porque el impacto de la salud mental en el trabajo ya no se ve como un problema menor. Las fuentes oficiales lo sit\u00faan dentro de una presi\u00f3n creciente sobre la poblaci\u00f3n trabajadora y sobre el propio sistema sanitario.","og_url":"https:\/\/vitalstoday.com\/fr\/sante-mentale\/pourquoi-le-stress-au-travail-est-il-un-probleme-en-espagne\/","og_site_name":"Vitals Today","article_publisher":"https:\/\/www.facebook.com\/VitalsToday\/","article_published_time":"2026-03-13T07:00:00+00:00","og_image":[{"width":900,"height":600,"url":"https:\/\/vitalstoday.com\/wp-content\/uploads\/FOTOS-VITAL-TODAY-copia-2-4.jpg","type":"image\/jpeg"}],"author":"Raquel Hernandez","twitter_card":"summary_large_image","twitter_creator":"@VitalsToday","twitter_site":"@VitalsToday","twitter_misc":{"\u00c9crit par":"Raquel Hernandez","Dur\u00e9e de lecture estim\u00e9e":"4 minutes"},"schema":{"@context":"https:\/\/schema.org","@graph":[{"@type":"Article","@id":"https:\/\/vitalstoday.com\/salud-mental\/por-que-preocupa-el-estres-laboral-en-espana\/#article","isPartOf":{"@id":"https:\/\/vitalstoday.com\/salud-mental\/por-que-preocupa-el-estres-laboral-en-espana\/"},"author":{"name":"Raquel Hernandez","@id":"https:\/\/vitalstoday.com\/#\/schema\/person\/80d4eb419238abd54a378eec27dce261"},"headline":"\u00bfPor qu\u00e9 preocupa el estr\u00e9s laboral en Espa\u00f1a?","datePublished":"2026-03-13T07:00:00+00:00","mainEntityOfPage":{"@id":"https:\/\/vitalstoday.com\/salud-mental\/por-que-preocupa-el-estres-laboral-en-espana\/"},"wordCount":73,"publisher":{"@id":"https:\/\/vitalstoday.com\/#organization"},"image":{"@id":"https:\/\/vitalstoday.com\/salud-mental\/por-que-preocupa-el-estres-laboral-en-espana\/#primaryimage"},"thumbnailUrl":"https:\/\/vitalstoday.com\/wp-content\/uploads\/FOTOS-VITAL-TODAY-copia-2-4.jpg","keywords":["Ansiedad","Espa\u00f1a"],"articleSection":["Salud Mental"],"inLanguage":"fr-FR"},{"@type":"WebPage","@id":"https:\/\/vitalstoday.com\/salud-mental\/por-que-preocupa-el-estres-laboral-en-espana\/","url":"https:\/\/vitalstoday.com\/salud-mental\/por-que-preocupa-el-estres-laboral-en-espana\/","name":"Pourquoi le stress au travail est-il un probl\u00e8me en Espagne\u00a0? | Vitals Today","isPartOf":{"@id":"https:\/\/vitalstoday.com\/#website"},"primaryImageOfPage":{"@id":"https:\/\/vitalstoday.com\/salud-mental\/por-que-preocupa-el-estres-laboral-en-espana\/#primaryimage"},"image":{"@id":"https:\/\/vitalstoday.com\/salud-mental\/por-que-preocupa-el-estres-laboral-en-espana\/#primaryimage"},"thumbnailUrl":"https:\/\/vitalstoday.com\/wp-content\/uploads\/FOTOS-VITAL-TODAY-copia-2-4.jpg","datePublished":"2026-03-13T07:00:00+00:00","description":"En Espagne, le stress au travail est une pr\u00e9occupation croissante car l&#039;impact des probl\u00e8mes de sant\u00e9 mentale au travail n&#039;est plus consid\u00e9r\u00e9 comme un probl\u00e8me mineur. Les sources officielles l&#039;inscrivent dans le contexte d&#039;une pression accrue sur la population active et sur le syst\u00e8me de sant\u00e9 lui-m\u00eame.","breadcrumb":{"@id":"https:\/\/vitalstoday.com\/salud-mental\/por-que-preocupa-el-estres-laboral-en-espana\/#breadcrumb"},"inLanguage":"fr-FR","potentialAction":[{"@type":"ReadAction","target":["https:\/\/vitalstoday.com\/salud-mental\/por-que-preocupa-el-estres-laboral-en-espana\/"]}]},{"@type":"ImageObject","inLanguage":"fr-FR","@id":"https:\/\/vitalstoday.com\/salud-mental\/por-que-preocupa-el-estres-laboral-en-espana\/#primaryimage","url":"https:\/\/vitalstoday.com\/wp-content\/uploads\/FOTOS-VITAL-TODAY-copia-2-4.jpg","contentUrl":"https:\/\/vitalstoday.com\/wp-content\/uploads\/FOTOS-VITAL-TODAY-copia-2-4.jpg","width":900,"height":600,"caption":"Canva"},{"@type":"BreadcrumbList","@id":"https:\/\/vitalstoday.com\/salud-mental\/por-que-preocupa-el-estres-laboral-en-espana\/#breadcrumb","itemListElement":[{"@type":"ListItem","position":1,"name":"Salud Mental","item":"https:\/\/vitalstoday.com\/category\/salud-mental\/"},{"@type":"ListItem","position":2,"name":"\u00bfPor qu\u00e9 preocupa el estr\u00e9s laboral en Espa\u00f1a?"}]},{"@type":"WebSite","@id":"https:\/\/vitalstoday.com\/#website","url":"https:\/\/vitalstoday.com\/","name":"Vitals Today","description":"Votre guide pour comprendre les m\u00e9dicaments et prendre soin de votre sant\u00e9, o\u00f9 que vous soyez.","publisher":{"@id":"https:\/\/vitalstoday.com\/#organization"},"alternateName":"VitalsToday","potentialAction":[{"@type":"SearchAction","target":{"@type":"EntryPoint","urlTemplate":"https:\/\/vitalstoday.com\/?s={search_term_string}"},"query-input":{"@type":"PropertyValueSpecification","valueRequired":true,"valueName":"search_term_string"}}],"inLanguage":"fr-FR"},{"@type":"Organization","@id":"https:\/\/vitalstoday.com\/#organization","name":"Vitals Today","url":"https:\/\/vitalstoday.com\/","logo":{"@type":"ImageObject","inLanguage":"fr-FR","@id":"https:\/\/vitalstoday.com\/#\/schema\/logo\/image\/","url":"https:\/\/vitalstoday.com\/wp-content\/uploads\/cropped-VitalsToday_Green_Transparent_TextSame_512.png","contentUrl":"https:\/\/vitalstoday.com\/wp-content\/uploads\/cropped-VitalsToday_Green_Transparent_TextSame_512.png","width":512,"height":512,"caption":"Vitals Today"},"image":{"@id":"https:\/\/vitalstoday.com\/#\/schema\/logo\/image\/"},"sameAs":["https:\/\/www.facebook.com\/VitalsToday\/","https:\/\/x.com\/VitalsToday","https:\/\/www.linkedin.com\/company\/vitals-today","https:\/\/bsky.app\/profile\/vitalstoday.bsky.social"]},{"@type":"Person","@id":"https:\/\/vitalstoday.com\/#\/schema\/person\/80d4eb419238abd54a378eec27dce261","name":"Raquel Hernandez","description":"Notre experte en sant\u00e9 mentale et communication scientifique. Profond\u00e9ment engag\u00e9e pour le bien-\u00eatre \u00e9motionnel, Raquel \u00e9crit sur les recherches r\u00e9centes, les d\u00e9couvertes pertinentes et les sujets essentiels li\u00e9s \u00e0 la sant\u00e9 mentale.","url":"https:\/\/vitalstoday.com\/fr\/author\/raquelhernandez01\/"}]}},"jetpack_publicize_connections":[],"jetpack_featured_media_url":"https:\/\/vitalstoday.com\/wp-content\/uploads\/FOTOS-VITAL-TODAY-copia-2-4.jpg","jetpack_sharing_enabled":true,"_links":{"self":[{"href":"https:\/\/vitalstoday.com\/fr\/wp-json\/wp\/v2\/posts\/5644","targetHints":{"allow":["GET"]}}],"collection":[{"href":"https:\/\/vitalstoday.com\/fr\/wp-json\/wp\/v2\/posts"}],"about":[{"href":"https:\/\/vitalstoday.com\/fr\/wp-json\/wp\/v2\/types\/post"}],"author":[{"embeddable":true,"href":"https:\/\/vitalstoday.com\/fr\/wp-json\/wp\/v2\/users\/257725347"}],"replies":[{"embeddable":true,"href":"https:\/\/vitalstoday.com\/fr\/wp-json\/wp\/v2\/comments?post=5644"}],"version-history":[{"count":2,"href":"https:\/\/vitalstoday.com\/fr\/wp-json\/wp\/v2\/posts\/5644\/revisions"}],"predecessor-version":[{"id":5668,"href":"https:\/\/vitalstoday.com\/fr\/wp-json\/wp\/v2\/posts\/5644\/revisions\/5668"}],"wp:featuredmedia":[{"embeddable":true,"href":"https:\/\/vitalstoday.com\/fr\/wp-json\/wp\/v2\/media\/5707"}],"wp:attachment":[{"href":"https:\/\/vitalstoday.com\/fr\/wp-json\/wp\/v2\/media?parent=5644"}],"wp:term":[{"taxonomy":"category","embeddable":true,"href":"https:\/\/vitalstoday.com\/fr\/wp-json\/wp\/v2\/categories?post=5644"},{"taxonomy":"post_tag","embeddable":true,"href":"https:\/\/vitalstoday.com\/fr\/wp-json\/wp\/v2\/tags?post=5644"}],"curies":[{"name":"wp","href":"https:\/\/api.w.org\/{rel}","templated":true}]}}