{"id":5682,"date":"2026-03-14T08:09:00","date_gmt":"2026-03-14T07:09:00","guid":{"rendered":"https:\/\/vitalstoday.com\/?p=5682"},"modified":"2026-03-11T23:58:53","modified_gmt":"2026-03-11T22:58:53","slug":"quel-est-le-niveau-de-stress-lie-au-travail-en-espagne","status":"publish","type":"post","link":"https:\/\/vitalstoday.com\/fr\/salud-mental\/cuanto-estres-laboral-hay-en-espana\/","title":{"rendered":"Quel est le niveau de stress li\u00e9 au travail en Espagne\u00a0?"},"content":{"rendered":"<p>En Espagne, selon l&#039;enqu\u00eate europ\u00e9enne OSH Pulse 2025, environ 401 % de la population active associe le travail au stress, \u00e0 la d\u00e9pression ou \u00e0 l&#039;anxi\u00e9t\u00e9. Ce chiffre est sup\u00e9rieur \u00e0 la moyenne de l&#039;UE, qui s&#039;\u00e9tablit \u00e0 291 %.<\/p>\n\n\n\n<h2 class=\"wp-block-heading\">Quelles sont les statistiques sur le stress au travail en Espagne\u00a0?<\/h2>\n\n\n\n<p>La photographie la plus r\u00e9cente ne t\u00e9moigne pas d&#039;un malaise isol\u00e9, mais d&#039;un probl\u00e8me g\u00e9n\u00e9ralis\u00e9 et persistant qui place l&#039;Espagne au-dessus de la moyenne europ\u00e9enne en mati\u00e8re de sant\u00e9 mentale li\u00e9e au travail.<\/p>\n\n\n\n\n\n\n\n\n<\/p>\n<p data-no-translation>Le <a href=\"https:\/\/www.sanidad.gob.es\/areas\/saludLaboral\/saludMentalTrabajo\/docs\/Trabajo_y_Salud_Mental_DEF_ACCESIBLE.pdf\">minist\u00e8re espagnol de la Sant\u00e9<\/a> consid\u00e8re d\u00e9j\u00e0 le travail comme un d\u00e9terminant cl\u00e9 de la sant\u00e9 mentale et, lorsque le probl\u00e8me emp\u00eache de travailler normalement, l\u2019<a href=\"https:\/\/vitalstoday.com\/fr\/sante\/comment-demander-un-conge-maladie-en-espagne-via-la-securite-sociale\/\">arr\u00eat maladie<\/a> peut entrer en jeu apr\u00e8s une \u00e9valuation clinique.<\/p>\n<p>\n\n\n\n<p>Ce chiffre ne signifie pas que quatre personnes sur dix sont en arr\u00eat maladie ou ont re\u00e7u un diagnostic officiel. Il mesure la proportion de personnes qui estiment que leur travail provoque ou aggrave cette g\u00eane\u00a0; il ne doit donc pas \u00eatre interpr\u00e9t\u00e9 comme une donn\u00e9e clinique d\u00e9finitive.<\/p>\n\n\n\n<h2 class=\"wp-block-heading\">Pourquoi le stress au travail ne se r\u00e9sume-t-il pas \u00e0 la pression ?<\/h2>\n\n\n\n<p>Les documents techniques de l&#039;INSST et du Minist\u00e8re s&#039;accordent \u00e0 dire que le stress li\u00e9 au travail d\u00e9coule g\u00e9n\u00e9ralement de facteurs organisationnels, tels qu&#039;une charge de travail excessive, un rythme de travail \u00e9lev\u00e9, une faible autonomie, des horaires irr\u00e9guliers ou la pr\u00e9carit\u00e9 de l&#039;emploi.<\/p>\n\n\n\n<p>Cela explique pourquoi le d\u00e9bat s&#039;est d\u00e9plac\u00e9 de la r\u00e9sistance individuelle. Les donn\u00e9es officielles espagnoles mettent l&#039;accent sur l&#039;organisation du travail et le degr\u00e9 r\u00e9el de contr\u00f4le que les individus exercent sur leur journ\u00e9e et leurs t\u00e2ches.<\/p>\n\n\n\n<h2 class=\"wp-block-heading\">Quelles sont les cons\u00e9quences pour le syst\u00e8me espagnol ?<\/h2>\n\n\n\n<p>L\u2019impact est d\u00e9j\u00e0 visible dans les statistiques publiques. L\u2019INSST (Institut national pour la s\u00e9curit\u00e9 et la sant\u00e9 au travail) indique que les troubles mentaux constituent la deuxi\u00e8me cause d\u2019arr\u00eat de travail temporaire en Espagne et qu\u2019entre 2018 et 2024, les absences li\u00e9es \u00e0 des sympt\u00f4mes \u00e9motionnels et aux diagnostics de stress post-traumatique s\u00e9v\u00e8re ont fortement augment\u00e9.<\/p>\n\n\n\n<p>Le minist\u00e8re de la Sant\u00e9 apporte un autre \u00e9clairage pertinent. En r\u00e9duisant la pr\u00e9carit\u00e9 de l&#039;emploi, on peut \u00e9galement att\u00e9nuer certains des pr\u00e9judices psychologiques li\u00e9s au travail, ce qui fait de ce probl\u00e8me une question de sant\u00e9 publique et non plus seulement un enjeu \u00e9conomique.<\/p>\n\n\n\n<h2 class=\"wp-block-heading\">Qui est le plus touch\u00e9 et quelles sont les options disponibles en Espagne\u00a0?<\/h2>\n\n\n\n<p>Les documents officiels soulignent que la charge n&#039;est pas r\u00e9partie \u00e9quitablement et que les femmes, les jeunes, les migrants et les groupes socialement d\u00e9favoris\u00e9s sont davantage expos\u00e9s \u00e0 des conditions de travail plus fragiles ou impr\u00e9visibles.<\/p>\n\n\n\n<p>Pour ceux qui ne connaissent pas le syst\u00e8me espagnol, ce cadre combine pr\u00e9vention en milieu de travail, soins de sant\u00e9 et proc\u00e9dures li\u00e9es au travail. L&#039;id\u00e9e principale est que le stress au travail n&#039;est pas consid\u00e9r\u00e9 comme un simple manque de r\u00e9silience, mais comme un risque psychosocial pouvant n\u00e9cessiter une \u00e9valuation, une documentation clinique et des mesures organisationnelles.<\/p>\n\n\n\n<p><em>Ce texte est fourni \u00e0 titre informatif uniquement et ne saurait se substituer \u00e0 un avis m\u00e9dical. Si votre d\u00e9tresse psychologique perturbe votre vie quotidienne ou votre travail, veuillez consulter un professionnel de sant\u00e9 et prendre connaissance des informations officielles en vigueur en Espagne.<\/em><\/p>","protected":false},"excerpt":{"rendered":"<p>En Espa\u00f1a, alrededor del 40% de la poblaci\u00f3n trabajadora vincula el trabajo con estr\u00e9s, depresi\u00f3n o ansiedad, seg\u00fan la encuesta europea OSH Pulse 2025. Es una cifra superior a la media de la UE, situada en el 29%. \u00bfQu\u00e9 cifra deja el estr\u00e9s laboral en Espa\u00f1a? La fotograf\u00eda m\u00e1s reciente no habla de un malestar [&hellip;]<\/p>\n","protected":false},"author":257725347,"featured_media":5709,"comment_status":"closed","ping_status":"closed","sticky":false,"template":"","format":"standard","meta":{"_stopmodifiedupdate":false,"_modified_date":"","_jetpack_memberships_contains_paid_content":false,"jnews-multi-image_gallery":[],"jnews_single_post":{"format":"standard","override":[{"template":"1","parallax":"1","layout":"right-sidebar","sidebar":"default-sidebar","second_sidebar":"default-sidebar","share_position":"float","share_float_style":"share-normal","show_share_counter":"1","show_view_counter":"1","show_featured":"1","show_post_meta":"1","show_post_author":"1","show_post_date":"1","post_date_format":"default","post_date_format_custom":"Y\/m\/d","show_post_reading_time":"1","post_reading_time_wpm":"300","post_calculate_word_method":"str_word_count","zoom_button_out_step":"2","zoom_button_in_step":"3","show_post_tag":"1","show_prev_next_post":"1","number_popup_post":"1","show_post_related":"1"}],"image_override":[{"single_post_thumbnail_size":"crop-500","single_post_gallery_size":"crop-500"}],"trending_post_position":"meta","trending_post_label":"Trending","sponsored_post_label":"Sponsored by","disable_ad":"0","subtitle":"Un repaso a los datos m\u00e1s recientes sobre estr\u00e9s laboral en Espa\u00f1a, sus causas m\u00e1s habituales y la forma en que este problema empieza a pesar sobre trabajadores, empresas y sistema sanitario."},"jnews_primary_category":[],"jnews_override_counter":{"view_counter_number":"0","share_counter_number":"0","like_counter_number":"0","dislike_counter_number":"0"},"footnotes":"","jetpack_publicize_message":"","jetpack_publicize_feature_enabled":true,"jetpack_social_post_already_shared":true,"jetpack_social_options":{"image_generator_settings":{"template":"highway","default_image_id":0,"font":"","enabled":false},"version":2}},"categories":[215],"tags":[230],"class_list":["post-5682","post","type-post","status-publish","format-standard","has-post-thumbnail","hentry","category-salud-mental","tag-ansiedad"],"yoast_head":"<!-- This site is optimized with the Yoast SEO plugin v27.5 - https:\/\/yoast.com\/product\/yoast-seo-wordpress\/ -->\n<title>\u00bfCu\u00e1nto estr\u00e9s laboral hay en Espa\u00f1a? | Vitals Today<\/title>\n<meta name=\"description\" content=\"En Espa\u00f1a, alrededor del 40% de la poblaci\u00f3n trabajadora vincula el trabajo con estr\u00e9s, depresi\u00f3n o ansiedad, seg\u00fan la encuesta europea OSH Pulse 2025. Es una cifra superior a la media de la UE, situada en el 29%.\" \/>\n<meta name=\"robots\" content=\"index, follow, max-snippet:-1, max-image-preview:large, max-video-preview:-1\" \/>\n<link rel=\"canonical\" href=\"https:\/\/vitalstoday.com\/fr\/sante-mentale\/quel-est-le-niveau-de-stress-lie-au-travail-en-espagne\/\" \/>\n<meta property=\"og:locale\" content=\"fr_FR\" \/>\n<meta property=\"og:type\" content=\"article\" \/>\n<meta property=\"og:title\" content=\"\u00bfCu\u00e1nto estr\u00e9s laboral hay en Espa\u00f1a? | Vitals Today\" \/>\n<meta property=\"og:description\" content=\"En Espa\u00f1a, alrededor del 40% de la poblaci\u00f3n trabajadora vincula el trabajo con estr\u00e9s, depresi\u00f3n o ansiedad, seg\u00fan la encuesta europea OSH Pulse 2025. Es una cifra superior a la media de la UE, situada en el 29%.\" \/>\n<meta property=\"og:url\" content=\"https:\/\/vitalstoday.com\/fr\/sante-mentale\/quel-est-le-niveau-de-stress-lie-au-travail-en-espagne\/\" \/>\n<meta property=\"og:site_name\" content=\"Vitals Today\" \/>\n<meta property=\"article:publisher\" content=\"https:\/\/www.facebook.com\/VitalsToday\/\" \/>\n<meta property=\"article:published_time\" content=\"2026-03-14T07:09:00+00:00\" \/>\n<meta property=\"og:image\" content=\"https:\/\/vitalstoday.com\/wp-content\/uploads\/FOTOS-VITAL-TODAY-copia-3-2.jpg\" \/>\n\t<meta property=\"og:image:width\" content=\"900\" \/>\n\t<meta property=\"og:image:height\" content=\"600\" \/>\n\t<meta property=\"og:image:type\" content=\"image\/jpeg\" \/>\n<meta name=\"author\" content=\"Raquel Hernandez\" \/>\n<meta name=\"twitter:card\" content=\"summary_large_image\" \/>\n<meta name=\"twitter:creator\" content=\"@VitalsToday\" \/>\n<meta name=\"twitter:site\" content=\"@VitalsToday\" \/>\n<meta name=\"twitter:label1\" content=\"\u00c9crit par\" \/>\n\t<meta name=\"twitter:data1\" content=\"Raquel Hernandez\" \/>\n\t<meta name=\"twitter:label2\" content=\"Dur\u00e9e de lecture estim\u00e9e\" \/>\n\t<meta name=\"twitter:data2\" content=\"3 minutes\" \/>\n<script type=\"application\/ld+json\" class=\"yoast-schema-graph\">{\"@context\":\"https:\\\/\\\/schema.org\",\"@graph\":[{\"@type\":\"Article\",\"@id\":\"https:\\\/\\\/vitalstoday.com\\\/salud-mental\\\/cuanto-estres-laboral-hay-en-espana\\\/#article\",\"isPartOf\":{\"@id\":\"https:\\\/\\\/vitalstoday.com\\\/salud-mental\\\/cuanto-estres-laboral-hay-en-espana\\\/\"},\"author\":{\"name\":\"Raquel Hernandez\",\"@id\":\"https:\\\/\\\/vitalstoday.com\\\/#\\\/schema\\\/person\\\/80d4eb419238abd54a378eec27dce261\"},\"headline\":\"\u00bfCu\u00e1nto estr\u00e9s laboral hay en Espa\u00f1a?\",\"datePublished\":\"2026-03-14T07:09:00+00:00\",\"mainEntityOfPage\":{\"@id\":\"https:\\\/\\\/vitalstoday.com\\\/salud-mental\\\/cuanto-estres-laboral-hay-en-espana\\\/\"},\"wordCount\":630,\"publisher\":{\"@id\":\"https:\\\/\\\/vitalstoday.com\\\/#organization\"},\"image\":{\"@id\":\"https:\\\/\\\/vitalstoday.com\\\/salud-mental\\\/cuanto-estres-laboral-hay-en-espana\\\/#primaryimage\"},\"thumbnailUrl\":\"https:\\\/\\\/vitalstoday.com\\\/wp-content\\\/uploads\\\/FOTOS-VITAL-TODAY-copia-3-2.jpg\",\"keywords\":[\"Ansiedad\"],\"articleSection\":[\"Salud Mental\"],\"inLanguage\":\"fr-FR\"},{\"@type\":\"WebPage\",\"@id\":\"https:\\\/\\\/vitalstoday.com\\\/salud-mental\\\/cuanto-estres-laboral-hay-en-espana\\\/\",\"url\":\"https:\\\/\\\/vitalstoday.com\\\/salud-mental\\\/cuanto-estres-laboral-hay-en-espana\\\/\",\"name\":\"\u00bfCu\u00e1nto estr\u00e9s laboral hay en Espa\u00f1a? | Vitals Today\",\"isPartOf\":{\"@id\":\"https:\\\/\\\/vitalstoday.com\\\/#website\"},\"primaryImageOfPage\":{\"@id\":\"https:\\\/\\\/vitalstoday.com\\\/salud-mental\\\/cuanto-estres-laboral-hay-en-espana\\\/#primaryimage\"},\"image\":{\"@id\":\"https:\\\/\\\/vitalstoday.com\\\/salud-mental\\\/cuanto-estres-laboral-hay-en-espana\\\/#primaryimage\"},\"thumbnailUrl\":\"https:\\\/\\\/vitalstoday.com\\\/wp-content\\\/uploads\\\/FOTOS-VITAL-TODAY-copia-3-2.jpg\",\"datePublished\":\"2026-03-14T07:09:00+00:00\",\"description\":\"En Espa\u00f1a, alrededor del 40% de la poblaci\u00f3n trabajadora vincula el trabajo con estr\u00e9s, depresi\u00f3n o ansiedad, seg\u00fan la encuesta europea OSH Pulse 2025. Es una cifra superior a la media de la UE, situada en el 29%.\",\"breadcrumb\":{\"@id\":\"https:\\\/\\\/vitalstoday.com\\\/salud-mental\\\/cuanto-estres-laboral-hay-en-espana\\\/#breadcrumb\"},\"inLanguage\":\"fr-FR\",\"potentialAction\":[{\"@type\":\"ReadAction\",\"target\":[\"https:\\\/\\\/vitalstoday.com\\\/salud-mental\\\/cuanto-estres-laboral-hay-en-espana\\\/\"]}]},{\"@type\":\"ImageObject\",\"inLanguage\":\"fr-FR\",\"@id\":\"https:\\\/\\\/vitalstoday.com\\\/salud-mental\\\/cuanto-estres-laboral-hay-en-espana\\\/#primaryimage\",\"url\":\"https:\\\/\\\/vitalstoday.com\\\/wp-content\\\/uploads\\\/FOTOS-VITAL-TODAY-copia-3-2.jpg\",\"contentUrl\":\"https:\\\/\\\/vitalstoday.com\\\/wp-content\\\/uploads\\\/FOTOS-VITAL-TODAY-copia-3-2.jpg\",\"width\":900,\"height\":600,\"caption\":\"Canva\"},{\"@type\":\"BreadcrumbList\",\"@id\":\"https:\\\/\\\/vitalstoday.com\\\/salud-mental\\\/cuanto-estres-laboral-hay-en-espana\\\/#breadcrumb\",\"itemListElement\":[{\"@type\":\"ListItem\",\"position\":1,\"name\":\"Salud Mental\",\"item\":\"https:\\\/\\\/vitalstoday.com\\\/category\\\/salud-mental\\\/\"},{\"@type\":\"ListItem\",\"position\":2,\"name\":\"\u00bfCu\u00e1nto estr\u00e9s laboral hay en Espa\u00f1a?\"}]},{\"@type\":\"WebSite\",\"@id\":\"https:\\\/\\\/vitalstoday.com\\\/#website\",\"url\":\"https:\\\/\\\/vitalstoday.com\\\/\",\"name\":\"Vitals Today\",\"description\":\"Tu gu\u00eda para entender los medicamentos y cuidar tu salud, est\u00e9s donde est\u00e9s\",\"publisher\":{\"@id\":\"https:\\\/\\\/vitalstoday.com\\\/#organization\"},\"alternateName\":\"VitalsToday\",\"potentialAction\":[{\"@type\":\"SearchAction\",\"target\":{\"@type\":\"EntryPoint\",\"urlTemplate\":\"https:\\\/\\\/vitalstoday.com\\\/?s={search_term_string}\"},\"query-input\":{\"@type\":\"PropertyValueSpecification\",\"valueRequired\":true,\"valueName\":\"search_term_string\"}}],\"inLanguage\":\"fr-FR\"},{\"@type\":\"Organization\",\"@id\":\"https:\\\/\\\/vitalstoday.com\\\/#organization\",\"name\":\"Vitals Today\",\"url\":\"https:\\\/\\\/vitalstoday.com\\\/\",\"logo\":{\"@type\":\"ImageObject\",\"inLanguage\":\"fr-FR\",\"@id\":\"https:\\\/\\\/vitalstoday.com\\\/#\\\/schema\\\/logo\\\/image\\\/\",\"url\":\"https:\\\/\\\/vitalstoday.com\\\/wp-content\\\/uploads\\\/cropped-VitalsToday_Green_Transparent_TextSame_512.png\",\"contentUrl\":\"https:\\\/\\\/vitalstoday.com\\\/wp-content\\\/uploads\\\/cropped-VitalsToday_Green_Transparent_TextSame_512.png\",\"width\":512,\"height\":512,\"caption\":\"Vitals Today\"},\"image\":{\"@id\":\"https:\\\/\\\/vitalstoday.com\\\/#\\\/schema\\\/logo\\\/image\\\/\"},\"sameAs\":[\"https:\\\/\\\/www.facebook.com\\\/VitalsToday\\\/\",\"https:\\\/\\\/x.com\\\/VitalsToday\",\"https:\\\/\\\/www.linkedin.com\\\/company\\\/vitals-today\",\"https:\\\/\\\/bsky.app\\\/profile\\\/vitalstoday.bsky.social\"]},{\"@type\":\"Person\",\"@id\":\"https:\\\/\\\/vitalstoday.com\\\/#\\\/schema\\\/person\\\/80d4eb419238abd54a378eec27dce261\",\"name\":\"Raquel Hernandez\",\"description\":\"Nuestra experta en salud mental y divulgaci\u00f3n cient\u00edfica. Con un profundo compromiso por el bienestar emocional, Raquel escribe sobre investigaciones recientes, descubrimientos relevantes y temas esenciales relacionados con la salud mental.\",\"url\":\"https:\\\/\\\/vitalstoday.com\\\/fr\\\/author\\\/raquelhernandez01\\\/\"}]}<\/script>\n<!-- \/ Yoast SEO plugin. -->","yoast_head_json":{"title":"Quel est le niveau de stress au travail en Espagne\u00a0? | Vitals Today","description":"En Espagne, selon l&#039;enqu\u00eate europ\u00e9enne OSH Pulse 2025, environ 401 % de la population active associe le travail au stress, \u00e0 la d\u00e9pression ou \u00e0 l&#039;anxi\u00e9t\u00e9. Ce chiffre est sup\u00e9rieur \u00e0 la moyenne de l&#039;UE, qui s&#039;\u00e9tablit \u00e0 291 %.","robots":{"index":"index","follow":"follow","max-snippet":"max-snippet:-1","max-image-preview":"max-image-preview:large","max-video-preview":"max-video-preview:-1"},"canonical":"https:\/\/vitalstoday.com\/fr\/sante-mentale\/quel-est-le-niveau-de-stress-lie-au-travail-en-espagne\/","og_locale":"fr_FR","og_type":"article","og_title":"\u00bfCu\u00e1nto estr\u00e9s laboral hay en Espa\u00f1a? | Vitals Today","og_description":"En Espa\u00f1a, alrededor del 40% de la poblaci\u00f3n trabajadora vincula el trabajo con estr\u00e9s, depresi\u00f3n o ansiedad, seg\u00fan la encuesta europea OSH Pulse 2025. Es una cifra superior a la media de la UE, situada en el 29%.","og_url":"https:\/\/vitalstoday.com\/fr\/sante-mentale\/quel-est-le-niveau-de-stress-lie-au-travail-en-espagne\/","og_site_name":"Vitals Today","article_publisher":"https:\/\/www.facebook.com\/VitalsToday\/","article_published_time":"2026-03-14T07:09:00+00:00","og_image":[{"width":900,"height":600,"url":"https:\/\/vitalstoday.com\/wp-content\/uploads\/FOTOS-VITAL-TODAY-copia-3-2.jpg","type":"image\/jpeg"}],"author":"Raquel Hernandez","twitter_card":"summary_large_image","twitter_creator":"@VitalsToday","twitter_site":"@VitalsToday","twitter_misc":{"\u00c9crit par":"Raquel Hernandez","Dur\u00e9e de lecture estim\u00e9e":"3 minutes"},"schema":{"@context":"https:\/\/schema.org","@graph":[{"@type":"Article","@id":"https:\/\/vitalstoday.com\/salud-mental\/cuanto-estres-laboral-hay-en-espana\/#article","isPartOf":{"@id":"https:\/\/vitalstoday.com\/salud-mental\/cuanto-estres-laboral-hay-en-espana\/"},"author":{"name":"Raquel Hernandez","@id":"https:\/\/vitalstoday.com\/#\/schema\/person\/80d4eb419238abd54a378eec27dce261"},"headline":"\u00bfCu\u00e1nto estr\u00e9s laboral hay en Espa\u00f1a?","datePublished":"2026-03-14T07:09:00+00:00","mainEntityOfPage":{"@id":"https:\/\/vitalstoday.com\/salud-mental\/cuanto-estres-laboral-hay-en-espana\/"},"wordCount":630,"publisher":{"@id":"https:\/\/vitalstoday.com\/#organization"},"image":{"@id":"https:\/\/vitalstoday.com\/salud-mental\/cuanto-estres-laboral-hay-en-espana\/#primaryimage"},"thumbnailUrl":"https:\/\/vitalstoday.com\/wp-content\/uploads\/FOTOS-VITAL-TODAY-copia-3-2.jpg","keywords":["Ansiedad"],"articleSection":["Salud Mental"],"inLanguage":"fr-FR"},{"@type":"WebPage","@id":"https:\/\/vitalstoday.com\/salud-mental\/cuanto-estres-laboral-hay-en-espana\/","url":"https:\/\/vitalstoday.com\/salud-mental\/cuanto-estres-laboral-hay-en-espana\/","name":"Quel est le niveau de stress au travail en Espagne\u00a0? | Vitals Today","isPartOf":{"@id":"https:\/\/vitalstoday.com\/#website"},"primaryImageOfPage":{"@id":"https:\/\/vitalstoday.com\/salud-mental\/cuanto-estres-laboral-hay-en-espana\/#primaryimage"},"image":{"@id":"https:\/\/vitalstoday.com\/salud-mental\/cuanto-estres-laboral-hay-en-espana\/#primaryimage"},"thumbnailUrl":"https:\/\/vitalstoday.com\/wp-content\/uploads\/FOTOS-VITAL-TODAY-copia-3-2.jpg","datePublished":"2026-03-14T07:09:00+00:00","description":"En Espagne, selon l&#039;enqu\u00eate europ\u00e9enne OSH Pulse 2025, environ 401 % de la population active associe le travail au stress, \u00e0 la d\u00e9pression ou \u00e0 l&#039;anxi\u00e9t\u00e9. Ce chiffre est sup\u00e9rieur \u00e0 la moyenne de l&#039;UE, qui s&#039;\u00e9tablit \u00e0 291 %.","breadcrumb":{"@id":"https:\/\/vitalstoday.com\/salud-mental\/cuanto-estres-laboral-hay-en-espana\/#breadcrumb"},"inLanguage":"fr-FR","potentialAction":[{"@type":"ReadAction","target":["https:\/\/vitalstoday.com\/salud-mental\/cuanto-estres-laboral-hay-en-espana\/"]}]},{"@type":"ImageObject","inLanguage":"fr-FR","@id":"https:\/\/vitalstoday.com\/salud-mental\/cuanto-estres-laboral-hay-en-espana\/#primaryimage","url":"https:\/\/vitalstoday.com\/wp-content\/uploads\/FOTOS-VITAL-TODAY-copia-3-2.jpg","contentUrl":"https:\/\/vitalstoday.com\/wp-content\/uploads\/FOTOS-VITAL-TODAY-copia-3-2.jpg","width":900,"height":600,"caption":"Canva"},{"@type":"BreadcrumbList","@id":"https:\/\/vitalstoday.com\/salud-mental\/cuanto-estres-laboral-hay-en-espana\/#breadcrumb","itemListElement":[{"@type":"ListItem","position":1,"name":"Salud Mental","item":"https:\/\/vitalstoday.com\/category\/salud-mental\/"},{"@type":"ListItem","position":2,"name":"\u00bfCu\u00e1nto estr\u00e9s laboral hay en Espa\u00f1a?"}]},{"@type":"WebSite","@id":"https:\/\/vitalstoday.com\/#website","url":"https:\/\/vitalstoday.com\/","name":"Vitals Today","description":"Votre guide pour comprendre les m\u00e9dicaments et prendre soin de votre sant\u00e9, o\u00f9 que vous soyez.","publisher":{"@id":"https:\/\/vitalstoday.com\/#organization"},"alternateName":"VitalsToday","potentialAction":[{"@type":"SearchAction","target":{"@type":"EntryPoint","urlTemplate":"https:\/\/vitalstoday.com\/?s={search_term_string}"},"query-input":{"@type":"PropertyValueSpecification","valueRequired":true,"valueName":"search_term_string"}}],"inLanguage":"fr-FR"},{"@type":"Organization","@id":"https:\/\/vitalstoday.com\/#organization","name":"Vitals Today","url":"https:\/\/vitalstoday.com\/","logo":{"@type":"ImageObject","inLanguage":"fr-FR","@id":"https:\/\/vitalstoday.com\/#\/schema\/logo\/image\/","url":"https:\/\/vitalstoday.com\/wp-content\/uploads\/cropped-VitalsToday_Green_Transparent_TextSame_512.png","contentUrl":"https:\/\/vitalstoday.com\/wp-content\/uploads\/cropped-VitalsToday_Green_Transparent_TextSame_512.png","width":512,"height":512,"caption":"Vitals Today"},"image":{"@id":"https:\/\/vitalstoday.com\/#\/schema\/logo\/image\/"},"sameAs":["https:\/\/www.facebook.com\/VitalsToday\/","https:\/\/x.com\/VitalsToday","https:\/\/www.linkedin.com\/company\/vitals-today","https:\/\/bsky.app\/profile\/vitalstoday.bsky.social"]},{"@type":"Person","@id":"https:\/\/vitalstoday.com\/#\/schema\/person\/80d4eb419238abd54a378eec27dce261","name":"Raquel Hernandez","description":"Notre experte en sant\u00e9 mentale et communication scientifique. Profond\u00e9ment engag\u00e9e pour le bien-\u00eatre \u00e9motionnel, Raquel \u00e9crit sur les recherches r\u00e9centes, les d\u00e9couvertes pertinentes et les sujets essentiels li\u00e9s \u00e0 la sant\u00e9 mentale.","url":"https:\/\/vitalstoday.com\/fr\/author\/raquelhernandez01\/"}]}},"jetpack_publicize_connections":[],"jetpack_featured_media_url":"https:\/\/vitalstoday.com\/wp-content\/uploads\/FOTOS-VITAL-TODAY-copia-3-2.jpg","jetpack_sharing_enabled":true,"_links":{"self":[{"href":"https:\/\/vitalstoday.com\/fr\/wp-json\/wp\/v2\/posts\/5682","targetHints":{"allow":["GET"]}}],"collection":[{"href":"https:\/\/vitalstoday.com\/fr\/wp-json\/wp\/v2\/posts"}],"about":[{"href":"https:\/\/vitalstoday.com\/fr\/wp-json\/wp\/v2\/types\/post"}],"author":[{"embeddable":true,"href":"https:\/\/vitalstoday.com\/fr\/wp-json\/wp\/v2\/users\/257725347"}],"replies":[{"embeddable":true,"href":"https:\/\/vitalstoday.com\/fr\/wp-json\/wp\/v2\/comments?post=5682"}],"version-history":[{"count":2,"href":"https:\/\/vitalstoday.com\/fr\/wp-json\/wp\/v2\/posts\/5682\/revisions"}],"predecessor-version":[{"id":5686,"href":"https:\/\/vitalstoday.com\/fr\/wp-json\/wp\/v2\/posts\/5682\/revisions\/5686"}],"wp:featuredmedia":[{"embeddable":true,"href":"https:\/\/vitalstoday.com\/fr\/wp-json\/wp\/v2\/media\/5709"}],"wp:attachment":[{"href":"https:\/\/vitalstoday.com\/fr\/wp-json\/wp\/v2\/media?parent=5682"}],"wp:term":[{"taxonomy":"category","embeddable":true,"href":"https:\/\/vitalstoday.com\/fr\/wp-json\/wp\/v2\/categories?post=5682"},{"taxonomy":"post_tag","embeddable":true,"href":"https:\/\/vitalstoday.com\/fr\/wp-json\/wp\/v2\/tags?post=5682"}],"curies":[{"name":"wp","href":"https:\/\/api.w.org\/{rel}","templated":true}]}}