{"id":6245,"date":"2026-04-30T08:00:00","date_gmt":"2026-04-30T06:00:00","guid":{"rendered":"https:\/\/vitalstoday.com\/?p=6245"},"modified":"2026-04-29T10:09:00","modified_gmt":"2026-04-29T08:09:00","slug":"quel-repulsif-anti-moustiques-dois-je-utiliser-en-espagne","status":"publish","type":"post","link":"https:\/\/vitalstoday.com\/fr\/dermatologia\/que-repelente-de-mosquitos-usar-en-espana\/","title":{"rendered":"Quel r\u00e9pulsif anti-moustiques dois-je utiliser en Espagne\u00a0?"},"content":{"rendered":"<\/p>\n<p data-no-translation>En Espagne, le plus prudent est de choisir un r\u00e9pulsif anti-moustiques autoris\u00e9 pour l\u2019usage humain et de regarder d\u2019abord la substance active plut\u00f4t que la promesse sur l\u2019emballage. Pour un usage courant, on trouve souvent des formules \u00e0 base d\u2019icaridine, de DEET, d\u2019IR3535 ou de citriodiol, et le bon choix d\u00e9pend du temps pass\u00e9 dehors, de la zone et de la sensibilit\u00e9 de la peau. L\u2019<a href=\"https:\/\/www.aemps.gob.es\/informa\/recomendaciones-de-la-aemps-sobre-repelentes-de-uso-humano\/\">AEMPS<\/a> rappelle aussi qu\u2019il faut toujours suivre les instructions de l\u2019\u00e9tiquetage.<\/p>\n<p>\n\n\n\n<p>Il n&#039;existe pas d&#039;insectifuge id\u00e9al pour tout le monde. Le meilleur choix d\u00e9pend g\u00e9n\u00e9ralement de l&#039;usage que vous en ferez\u00a0: promenades en ville, plage, camping ou voyage avec une exposition plus importante aux insectes.<\/p>\n\n\n\n<p>Il est \u00e9galement important de pr\u00eater attention \u00e0 la dur\u00e9e d&#039;utilisation estim\u00e9e et \u00e0 la destination du produit\u00a0: peau, v\u00eatements ou usage plus sp\u00e9cifique. Ce d\u00e9tail a souvent un impact plus important sur l&#039;exp\u00e9rience utilisateur que le design de l&#039;emballage.<\/p>\n\n\n\n<h2 class=\"wp-block-heading\">Comment lire les informations sur un r\u00e9pulsif anti-moustiques avant de l&#039;acheter ?<\/h2>\n\n\n\n<p>L&#039;indice le plus utile se trouve g\u00e9n\u00e9ralement dans le principe actif. En Espagne, on trouve le plus souvent des r\u00e9f\u00e9rences \u00e0 l&#039;icaridine, au DEET, \u00e0 l&#039;IR3535 ou au citriodiol\u00a0; cette partie de l&#039;emballage est donc plus informative que des mentions g\u00e9n\u00e9riques comme \u201c\u00a0naturel\u00a0\u201d ou \u201c\u00a0intense\u00a0\u201d.<\/p>\n\n\n\n<p>Le format modifie aussi consid\u00e9rablement son utilisation. Un spray corporel sera plus pratique \u00e0 transporter et \u00e0 r\u00e9appliquer au besoin, tandis que les produits pour v\u00eatements ou tissus r\u00e9pondent \u00e0 un besoin diff\u00e9rent.<\/p>\n\n\n\n<h2 class=\"wp-block-heading\">Quand faut-il choisir une option plus intense\u00a0?<\/h2>\n\n\n\n<p>Si vous pr\u00e9voyez de passer plusieurs heures au cr\u00e9puscule, pr\u00e8s de l&#039;eau, dans des jardins denses ou en bord de mer, une protection longue dur\u00e9e est g\u00e9n\u00e9ralement recommand\u00e9e. Dans ces situations, il est g\u00e9n\u00e9ralement plus judicieux d&#039;associer un r\u00e9pulsif \u00e0 des barri\u00e8res physiques comme des v\u00eatements couvrants.<\/p>\n\n\n\n<p>Pour les voyages ou les situations plus exigeantes, la dur\u00e9e de vie r\u00e9elle du produit est g\u00e9n\u00e9ralement plus importante qu&#039;une promesse marketing tape-\u00e0-l&#039;\u0153il. Choisir en fonction du contexte permet d&#039;\u00e9viter les achats excessifs ou insuffisants.<\/p>\n\n\n<\/p>\n<div class=\"vt-affbox\">\n<div class=\"vt-affbox__head\">\n<p class=\"vt-affbox__label\">R\u00e9pulsif corporel<\/p>\n<p class=\"vt-affbox__title-wrap\">\n      <a href=\"https:\/\/www.awin1.com\/pclick.php?p=38944644148&#038;a=2765908&#038;m=11046\" rel=\"sponsored nofollow noopener\" class=\"vt-affbox__title-link\"><span data-no-translation>Relec<\/span> Spray extra fort 75 ml<\/a><\/p>\n<\/div>\n<div class=\"vt-affbox__buyblock\">\n<div class=\"vt-affbox__image-wrap\">\n      <a href=\"https:\/\/www.awin1.com\/pclick.php?p=38944644148&#038;a=2765908&#038;m=11046\" rel=\"sponsored nofollow noopener\" class=\"vt-affbox__image-link\"><br \/>\n<img decoding=\"async\" src=\"https:\/\/statics.promofarma.com\/static\/promofarma\/prod\/product_images\/mpdp\/KQZ8R_es_ES_0.jpg\" alt=\"Spray r\u00e9pulsif corporel extra fort Relec 75 ml\" loading=\"lazy\" class=\"vt-affbox__image\" \/><br \/>\n<\/a><\/div>\n<div class=\"vt-affbox__cta-wrap\">\n      <a href=\"https:\/\/www.awin1.com\/pclick.php?p=38944644148&#038;a=2765908&#038;m=11046\" rel=\"sponsored nofollow noopener\" class=\"vt-affbox__cta\">Afficher dans <span data-no-translation>PromoFarma<\/span><\/a><\/div>\n<\/div>\n<div class=\"vt-affbox__support\">\n<p class=\"vt-affbox__support-title\">Pourquoi cela pourrait convenir<\/p>\n<ul class=\"vt-affbox__list\">\n<li>Facile \u00e0 transporter dans un sac \u00e0 main ou un sac \u00e0 dos<\/li>\n<li>Il est particuli\u00e8rement adapt\u00e9 aux longs trajets ou aux zones humides.<\/li>\n<li>Cela peut s&#039;av\u00e9rer pratique en \u00e9t\u00e9 ou en voyage.<\/li>\n<\/ul>\n<\/div>\n<div class=\"vt-affbox__support\">\n<p class=\"vt-affbox__support-title\">Qu&#039;est-ce qui devrait \u00eatre valoris\u00e9 ?<\/p>\n<ul class=\"vt-affbox__list\">\n<li>Il est conseill\u00e9 de v\u00e9rifier l&#039;\u00e2ge recommand\u00e9 et l&#039;\u00e9tiquetage avant l&#039;achat.<\/li>\n<\/ul>\n<\/div>\n<p class=\"vt-affbox__footer\">Lien affili\u00e9 \u00b7 Prix sujet \u00e0 modification.<\/p>\n<\/div>\n<p>\n\n\n\n<h2 class=\"wp-block-heading\">L&#039;insectifuge et la cr\u00e8me solaire ne s&#039;appliquent pas de la m\u00eame mani\u00e8re.<\/h2>\n\n\n\n<p>En \u00e9t\u00e9, un d\u00e9tail pratique est souvent n\u00e9glig\u00e9\u00a0: lorsqu\u2019on utilise les deux produits, on applique d\u2019abord la cr\u00e8me solaire, puis l\u2019insectifuge, et il est inutile de renouveler l\u2019application de ce dernier plus souvent que ce qui est indiqu\u00e9 sur l\u2019\u00e9tiquette.<\/p>\n\n\n\n<p>Cela vous permet de faire un meilleur choix et d&#039;utiliser le produit avec des attentes plus r\u00e9alistes. En pratique, il est g\u00e9n\u00e9ralement pr\u00e9f\u00e9rable de choisir le format et l&#039;intensit\u00e9 adapt\u00e9s \u00e0 votre programme quotidien.<\/p>\n\n\n\n<p><em>Ce texte est fourni \u00e0 titre informatif seulement et ne remplace pas un avis m\u00e9dical. Consultez toujours l&#039;\u00e9tiquetage officiel du produit et suivez les instructions du fabricant ainsi que celles des professionnels de la sant\u00e9.<\/em><\/p>","protected":false},"excerpt":{"rendered":"<p>No hay un \u00fanico repelente ideal para todo el mundo. La mejor compra suele depender de si buscas una opci\u00f3n para paseo urbano, playa, camping o un viaje donde la exposici\u00f3n ser\u00e1 m\u00e1s intensa. Tambi\u00e9n conviene fijarse en la duraci\u00f3n orientativa y en si el producto est\u00e1 pensado para piel, ropa o un uso m\u00e1s [&hellip;]<\/p>\n","protected":false},"author":257725345,"featured_media":6431,"comment_status":"closed","ping_status":"closed","sticky":false,"template":"","format":"standard","meta":{"_stopmodifiedupdate":false,"_modified_date":"","_jetpack_memberships_contains_paid_content":false,"jnews-multi-image_gallery":[],"jnews_single_post":{"format":"standard","override":[{"template":"1","parallax":"1","layout":"right-sidebar","sidebar":"default-sidebar","second_sidebar":"default-sidebar","share_position":"float","share_float_style":"share-normal","show_share_counter":"1","show_view_counter":"1","show_featured":"1","show_post_meta":"1","show_post_author":"1","show_post_date":"1","post_date_format":"default","post_date_format_custom":"Y\/m\/d","show_post_reading_time":"1","post_reading_time_wpm":"300","post_calculate_word_method":"str_word_count","zoom_button_out_step":"2","zoom_button_in_step":"3","show_post_tag":"1","show_prev_next_post":"1","number_popup_post":"1","show_post_related":"1"}],"image_override":[{"single_post_thumbnail_size":"crop-500","single_post_gallery_size":"crop-500"}],"trending_post_position":"meta","trending_post_label":"Trending","sponsored_post_label":"Sponsored by","disable_ad":"0","subtitle":"Claves sencillas para elegir un repelente de mosquitos en Espa\u00f1a seg\u00fan el tipo de exposici\u00f3n, el activo del producto y el uso habitual en verano o en viajes."},"jnews_primary_category":[],"jnews_override_counter":{"view_counter_number":"0","share_counter_number":"0","like_counter_number":"0","dislike_counter_number":"0"},"footnotes":"","jetpack_publicize_message":"","jetpack_publicize_feature_enabled":true,"jetpack_social_post_already_shared":true,"jetpack_social_options":{"image_generator_settings":{"template":"highway","default_image_id":0,"font":"","enabled":false},"version":2}},"categories":[208],"tags":[39],"class_list":["post-6245","post","type-post","status-publish","format-standard","has-post-thumbnail","hentry","category-dermatologia","tag-espana"],"yoast_head":"<!-- This site is optimized with the Yoast SEO plugin v27.5 - https:\/\/yoast.com\/product\/yoast-seo-wordpress\/ -->\n<title>\u00bfQu\u00e9 repelente de mosquitos usar en Espa\u00f1a? | Vitals Today<\/title>\n<meta name=\"description\" content=\"En Espa\u00f1a, lo m\u00e1s sensato es elegir un repelente autorizado de uso humano y fijarse m\u00e1s en el activo que en el reclamo del envase. Para uso general suelen verse f\u00f3rmulas con icaridina, DEET, IR3535 o citriodiol, y la elecci\u00f3n depende del tiempo al aire libre, la zona y la sensibilidad de la piel.\" \/>\n<meta name=\"robots\" content=\"index, follow, max-snippet:-1, max-image-preview:large, max-video-preview:-1\" \/>\n<link rel=\"canonical\" href=\"https:\/\/vitalstoday.com\/fr\/dermatologie\/quel-repulsif-anti-moustiques-dois-je-utiliser-en-espagne\/\" \/>\n<meta property=\"og:locale\" content=\"fr_FR\" \/>\n<meta property=\"og:type\" content=\"article\" \/>\n<meta property=\"og:title\" content=\"\u00bfQu\u00e9 repelente de mosquitos usar en Espa\u00f1a? | Vitals Today\" \/>\n<meta property=\"og:description\" content=\"En Espa\u00f1a, lo m\u00e1s sensato es elegir un repelente autorizado de uso humano y fijarse m\u00e1s en el activo que en el reclamo del envase. Para uso general suelen verse f\u00f3rmulas con icaridina, DEET, IR3535 o citriodiol, y la elecci\u00f3n depende del tiempo al aire libre, la zona y la sensibilidad de la piel.\" \/>\n<meta property=\"og:url\" content=\"https:\/\/vitalstoday.com\/fr\/dermatologie\/quel-repulsif-anti-moustiques-dois-je-utiliser-en-espagne\/\" \/>\n<meta property=\"og:site_name\" content=\"Vitals Today\" \/>\n<meta property=\"article:publisher\" content=\"https:\/\/www.facebook.com\/VitalsToday\/\" \/>\n<meta property=\"article:author\" content=\"https:\/\/www.facebook.com\/wendy.lazcanoexposito\" \/>\n<meta property=\"article:published_time\" content=\"2026-04-30T06:00:00+00:00\" \/>\n<meta property=\"og:image\" content=\"https:\/\/vitalstoday.com\/wp-content\/uploads\/FOTOS-VITAL-TODAY-23.jpg\" \/>\n\t<meta property=\"og:image:width\" content=\"900\" \/>\n\t<meta property=\"og:image:height\" content=\"600\" \/>\n\t<meta property=\"og:image:type\" content=\"image\/jpeg\" \/>\n<meta name=\"author\" content=\"Wendy Lazcano\" \/>\n<meta name=\"twitter:card\" content=\"summary_large_image\" \/>\n<meta name=\"twitter:creator\" content=\"@https:\/\/www.x.com\/wendyLE1992\" \/>\n<meta name=\"twitter:site\" content=\"@VitalsToday\" \/>\n<meta name=\"twitter:label1\" content=\"\u00c9crit par\" \/>\n\t<meta name=\"twitter:data1\" content=\"Wendy Lazcano\" \/>\n\t<meta name=\"twitter:label2\" content=\"Dur\u00e9e de lecture estim\u00e9e\" \/>\n\t<meta name=\"twitter:data2\" content=\"4 minutes\" \/>\n<script type=\"application\/ld+json\" class=\"yoast-schema-graph\">{\"@context\":\"https:\\\/\\\/schema.org\",\"@graph\":[{\"@type\":\"Article\",\"@id\":\"https:\\\/\\\/vitalstoday.com\\\/dermatologia\\\/que-repelente-de-mosquitos-usar-en-espana\\\/#article\",\"isPartOf\":{\"@id\":\"https:\\\/\\\/vitalstoday.com\\\/dermatologia\\\/que-repelente-de-mosquitos-usar-en-espana\\\/\"},\"author\":{\"name\":\"Wendy Lazcano\",\"@id\":\"https:\\\/\\\/vitalstoday.com\\\/#\\\/schema\\\/person\\\/e4b0e77e3d89517e65b2d7b4c450a54a\"},\"headline\":\"\u00bfQu\u00e9 repelente de mosquitos usar en Espa\u00f1a?\",\"datePublished\":\"2026-04-30T06:00:00+00:00\",\"mainEntityOfPage\":{\"@id\":\"https:\\\/\\\/vitalstoday.com\\\/dermatologia\\\/que-repelente-de-mosquitos-usar-en-espana\\\/\"},\"wordCount\":700,\"publisher\":{\"@id\":\"https:\\\/\\\/vitalstoday.com\\\/#organization\"},\"image\":{\"@id\":\"https:\\\/\\\/vitalstoday.com\\\/dermatologia\\\/que-repelente-de-mosquitos-usar-en-espana\\\/#primaryimage\"},\"thumbnailUrl\":\"https:\\\/\\\/vitalstoday.com\\\/wp-content\\\/uploads\\\/FOTOS-VITAL-TODAY-23.jpg\",\"keywords\":[\"Espa\u00f1a\"],\"articleSection\":[\"Dermatolog\u00eda\"],\"inLanguage\":\"fr-FR\"},{\"@type\":\"WebPage\",\"@id\":\"https:\\\/\\\/vitalstoday.com\\\/dermatologia\\\/que-repelente-de-mosquitos-usar-en-espana\\\/\",\"url\":\"https:\\\/\\\/vitalstoday.com\\\/dermatologia\\\/que-repelente-de-mosquitos-usar-en-espana\\\/\",\"name\":\"\u00bfQu\u00e9 repelente de mosquitos usar en Espa\u00f1a? | Vitals Today\",\"isPartOf\":{\"@id\":\"https:\\\/\\\/vitalstoday.com\\\/#website\"},\"primaryImageOfPage\":{\"@id\":\"https:\\\/\\\/vitalstoday.com\\\/dermatologia\\\/que-repelente-de-mosquitos-usar-en-espana\\\/#primaryimage\"},\"image\":{\"@id\":\"https:\\\/\\\/vitalstoday.com\\\/dermatologia\\\/que-repelente-de-mosquitos-usar-en-espana\\\/#primaryimage\"},\"thumbnailUrl\":\"https:\\\/\\\/vitalstoday.com\\\/wp-content\\\/uploads\\\/FOTOS-VITAL-TODAY-23.jpg\",\"datePublished\":\"2026-04-30T06:00:00+00:00\",\"description\":\"En Espa\u00f1a, lo m\u00e1s sensato es elegir un repelente autorizado de uso humano y fijarse m\u00e1s en el activo que en el reclamo del envase. Para uso general suelen verse f\u00f3rmulas con icaridina, DEET, IR3535 o citriodiol, y la elecci\u00f3n depende del tiempo al aire libre, la zona y la sensibilidad de la piel.\",\"breadcrumb\":{\"@id\":\"https:\\\/\\\/vitalstoday.com\\\/dermatologia\\\/que-repelente-de-mosquitos-usar-en-espana\\\/#breadcrumb\"},\"inLanguage\":\"fr-FR\",\"potentialAction\":[{\"@type\":\"ReadAction\",\"target\":[\"https:\\\/\\\/vitalstoday.com\\\/dermatologia\\\/que-repelente-de-mosquitos-usar-en-espana\\\/\"]}]},{\"@type\":\"ImageObject\",\"inLanguage\":\"fr-FR\",\"@id\":\"https:\\\/\\\/vitalstoday.com\\\/dermatologia\\\/que-repelente-de-mosquitos-usar-en-espana\\\/#primaryimage\",\"url\":\"https:\\\/\\\/vitalstoday.com\\\/wp-content\\\/uploads\\\/FOTOS-VITAL-TODAY-23.jpg\",\"contentUrl\":\"https:\\\/\\\/vitalstoday.com\\\/wp-content\\\/uploads\\\/FOTOS-VITAL-TODAY-23.jpg\",\"width\":900,\"height\":600,\"caption\":\"Canva\"},{\"@type\":\"BreadcrumbList\",\"@id\":\"https:\\\/\\\/vitalstoday.com\\\/dermatologia\\\/que-repelente-de-mosquitos-usar-en-espana\\\/#breadcrumb\",\"itemListElement\":[{\"@type\":\"ListItem\",\"position\":1,\"name\":\"Dermatolog\u00eda\",\"item\":\"https:\\\/\\\/vitalstoday.com\\\/category\\\/dermatologia\\\/\"},{\"@type\":\"ListItem\",\"position\":2,\"name\":\"\u00bfQu\u00e9 repelente de mosquitos usar en Espa\u00f1a?\"}]},{\"@type\":\"WebSite\",\"@id\":\"https:\\\/\\\/vitalstoday.com\\\/#website\",\"url\":\"https:\\\/\\\/vitalstoday.com\\\/\",\"name\":\"Vitals Today\",\"description\":\"Tu gu\u00eda para entender los medicamentos y cuidar tu salud, est\u00e9s donde est\u00e9s\",\"publisher\":{\"@id\":\"https:\\\/\\\/vitalstoday.com\\\/#organization\"},\"alternateName\":\"VitalsToday\",\"potentialAction\":[{\"@type\":\"SearchAction\",\"target\":{\"@type\":\"EntryPoint\",\"urlTemplate\":\"https:\\\/\\\/vitalstoday.com\\\/?s={search_term_string}\"},\"query-input\":{\"@type\":\"PropertyValueSpecification\",\"valueRequired\":true,\"valueName\":\"search_term_string\"}}],\"inLanguage\":\"fr-FR\"},{\"@type\":\"Organization\",\"@id\":\"https:\\\/\\\/vitalstoday.com\\\/#organization\",\"name\":\"Vitals Today\",\"url\":\"https:\\\/\\\/vitalstoday.com\\\/\",\"logo\":{\"@type\":\"ImageObject\",\"inLanguage\":\"fr-FR\",\"@id\":\"https:\\\/\\\/vitalstoday.com\\\/#\\\/schema\\\/logo\\\/image\\\/\",\"url\":\"https:\\\/\\\/vitalstoday.com\\\/wp-content\\\/uploads\\\/cropped-VitalsToday_Green_Transparent_TextSame_512.png\",\"contentUrl\":\"https:\\\/\\\/vitalstoday.com\\\/wp-content\\\/uploads\\\/cropped-VitalsToday_Green_Transparent_TextSame_512.png\",\"width\":512,\"height\":512,\"caption\":\"Vitals Today\"},\"image\":{\"@id\":\"https:\\\/\\\/vitalstoday.com\\\/#\\\/schema\\\/logo\\\/image\\\/\"},\"sameAs\":[\"https:\\\/\\\/www.facebook.com\\\/VitalsToday\\\/\",\"https:\\\/\\\/x.com\\\/VitalsToday\",\"https:\\\/\\\/www.linkedin.com\\\/company\\\/vitals-today\",\"https:\\\/\\\/bsky.app\\\/profile\\\/vitalstoday.bsky.social\"]},{\"@type\":\"Person\",\"@id\":\"https:\\\/\\\/vitalstoday.com\\\/#\\\/schema\\\/person\\\/e4b0e77e3d89517e65b2d7b4c450a54a\",\"name\":\"Wendy Lazcano\",\"description\":\"Es una periodista experimentada que ha trabajado en medios escritos como Diario de Cuba y Review Energy, adem\u00e1s de liderar programas en radio (Wradio\\\/Grupo PRISA) y televisi\u00f3n (Canal 33). Especialista en pol\u00edtica y regulaciones, Wendy destaca por su habilidad para analizar y explicar temas complejos.\",\"sameAs\":[\"https:\\\/\\\/vitalstoday.com\\\/author\\\/wendylazcano01\\\/\",\"https:\\\/\\\/www.facebook.com\\\/wendy.lazcanoexposito\",\"https:\\\/\\\/www.instagram.com\\\/wendy_lazcano\\\/\",\"https:\\\/\\\/www.linkedin.com\\\/in\\\/wendy-lazcano-exp\u00f3sito-886aa6139\",\"https:\\\/\\\/x.com\\\/https:\\\/\\\/www.x.com\\\/wendyLE1992\",\"https:\\\/\\\/www.youtube.com\\\/@puntociegooficial\"],\"url\":\"https:\\\/\\\/vitalstoday.com\\\/fr\\\/author\\\/wendylazcano01\\\/\"}]}<\/script>\n<!-- \/ Yoast SEO plugin. -->","yoast_head_json":{"title":"Quel r\u00e9pulsif anti-moustiques utiliser en Espagne\u00a0? | Vitals Today","description":"En Espagne, la solution la plus judicieuse consiste \u00e0 choisir un r\u00e9pulsif anti-insectes homologu\u00e9 pour l&#039;usage humain et \u00e0 privil\u00e9gier la substance active plut\u00f4t que les all\u00e9gations figurant sur l&#039;emballage. Pour un usage courant, les formules contenant de l&#039;icaridine, du DEET, de l&#039;IR3535 ou du citriodiol sont fr\u00e9quentes\u00a0; le choix d\u00e9pend du temps pass\u00e9 \u00e0 l&#039;ext\u00e9rieur, du lieu et de la sensibilit\u00e9 de la peau.","robots":{"index":"index","follow":"follow","max-snippet":"max-snippet:-1","max-image-preview":"max-image-preview:large","max-video-preview":"max-video-preview:-1"},"canonical":"https:\/\/vitalstoday.com\/fr\/dermatologie\/quel-repulsif-anti-moustiques-dois-je-utiliser-en-espagne\/","og_locale":"fr_FR","og_type":"article","og_title":"\u00bfQu\u00e9 repelente de mosquitos usar en Espa\u00f1a? | Vitals Today","og_description":"En Espa\u00f1a, lo m\u00e1s sensato es elegir un repelente autorizado de uso humano y fijarse m\u00e1s en el activo que en el reclamo del envase. Para uso general suelen verse f\u00f3rmulas con icaridina, DEET, IR3535 o citriodiol, y la elecci\u00f3n depende del tiempo al aire libre, la zona y la sensibilidad de la piel.","og_url":"https:\/\/vitalstoday.com\/fr\/dermatologie\/quel-repulsif-anti-moustiques-dois-je-utiliser-en-espagne\/","og_site_name":"Vitals Today","article_publisher":"https:\/\/www.facebook.com\/VitalsToday\/","article_author":"https:\/\/www.facebook.com\/wendy.lazcanoexposito","article_published_time":"2026-04-30T06:00:00+00:00","og_image":[{"width":900,"height":600,"url":"https:\/\/vitalstoday.com\/wp-content\/uploads\/FOTOS-VITAL-TODAY-23.jpg","type":"image\/jpeg"}],"author":"Wendy Lazcano","twitter_card":"summary_large_image","twitter_creator":"@https:\/\/www.x.com\/wendyLE1992","twitter_site":"@VitalsToday","twitter_misc":{"\u00c9crit par":"Wendy Lazcano","Dur\u00e9e de lecture estim\u00e9e":"4 minutes"},"schema":{"@context":"https:\/\/schema.org","@graph":[{"@type":"Article","@id":"https:\/\/vitalstoday.com\/dermatologia\/que-repelente-de-mosquitos-usar-en-espana\/#article","isPartOf":{"@id":"https:\/\/vitalstoday.com\/dermatologia\/que-repelente-de-mosquitos-usar-en-espana\/"},"author":{"name":"Wendy Lazcano","@id":"https:\/\/vitalstoday.com\/#\/schema\/person\/e4b0e77e3d89517e65b2d7b4c450a54a"},"headline":"\u00bfQu\u00e9 repelente de mosquitos usar en Espa\u00f1a?","datePublished":"2026-04-30T06:00:00+00:00","mainEntityOfPage":{"@id":"https:\/\/vitalstoday.com\/dermatologia\/que-repelente-de-mosquitos-usar-en-espana\/"},"wordCount":700,"publisher":{"@id":"https:\/\/vitalstoday.com\/#organization"},"image":{"@id":"https:\/\/vitalstoday.com\/dermatologia\/que-repelente-de-mosquitos-usar-en-espana\/#primaryimage"},"thumbnailUrl":"https:\/\/vitalstoday.com\/wp-content\/uploads\/FOTOS-VITAL-TODAY-23.jpg","keywords":["Espa\u00f1a"],"articleSection":["Dermatolog\u00eda"],"inLanguage":"fr-FR"},{"@type":"WebPage","@id":"https:\/\/vitalstoday.com\/dermatologia\/que-repelente-de-mosquitos-usar-en-espana\/","url":"https:\/\/vitalstoday.com\/dermatologia\/que-repelente-de-mosquitos-usar-en-espana\/","name":"Quel r\u00e9pulsif anti-moustiques utiliser en Espagne\u00a0? | Vitals Today","isPartOf":{"@id":"https:\/\/vitalstoday.com\/#website"},"primaryImageOfPage":{"@id":"https:\/\/vitalstoday.com\/dermatologia\/que-repelente-de-mosquitos-usar-en-espana\/#primaryimage"},"image":{"@id":"https:\/\/vitalstoday.com\/dermatologia\/que-repelente-de-mosquitos-usar-en-espana\/#primaryimage"},"thumbnailUrl":"https:\/\/vitalstoday.com\/wp-content\/uploads\/FOTOS-VITAL-TODAY-23.jpg","datePublished":"2026-04-30T06:00:00+00:00","description":"En Espagne, la solution la plus judicieuse consiste \u00e0 choisir un r\u00e9pulsif anti-insectes homologu\u00e9 pour l&#039;usage humain et \u00e0 privil\u00e9gier la substance active plut\u00f4t que les all\u00e9gations figurant sur l&#039;emballage. Pour un usage courant, les formules contenant de l&#039;icaridine, du DEET, de l&#039;IR3535 ou du citriodiol sont fr\u00e9quentes\u00a0; le choix d\u00e9pend du temps pass\u00e9 \u00e0 l&#039;ext\u00e9rieur, du lieu et de la sensibilit\u00e9 de la peau.","breadcrumb":{"@id":"https:\/\/vitalstoday.com\/dermatologia\/que-repelente-de-mosquitos-usar-en-espana\/#breadcrumb"},"inLanguage":"fr-FR","potentialAction":[{"@type":"ReadAction","target":["https:\/\/vitalstoday.com\/dermatologia\/que-repelente-de-mosquitos-usar-en-espana\/"]}]},{"@type":"ImageObject","inLanguage":"fr-FR","@id":"https:\/\/vitalstoday.com\/dermatologia\/que-repelente-de-mosquitos-usar-en-espana\/#primaryimage","url":"https:\/\/vitalstoday.com\/wp-content\/uploads\/FOTOS-VITAL-TODAY-23.jpg","contentUrl":"https:\/\/vitalstoday.com\/wp-content\/uploads\/FOTOS-VITAL-TODAY-23.jpg","width":900,"height":600,"caption":"Canva"},{"@type":"BreadcrumbList","@id":"https:\/\/vitalstoday.com\/dermatologia\/que-repelente-de-mosquitos-usar-en-espana\/#breadcrumb","itemListElement":[{"@type":"ListItem","position":1,"name":"Dermatolog\u00eda","item":"https:\/\/vitalstoday.com\/category\/dermatologia\/"},{"@type":"ListItem","position":2,"name":"\u00bfQu\u00e9 repelente de mosquitos usar en Espa\u00f1a?"}]},{"@type":"WebSite","@id":"https:\/\/vitalstoday.com\/#website","url":"https:\/\/vitalstoday.com\/","name":"Vitals Today","description":"Votre guide pour comprendre les m\u00e9dicaments et prendre soin de votre sant\u00e9, o\u00f9 que vous soyez.","publisher":{"@id":"https:\/\/vitalstoday.com\/#organization"},"alternateName":"VitalsToday","potentialAction":[{"@type":"SearchAction","target":{"@type":"EntryPoint","urlTemplate":"https:\/\/vitalstoday.com\/?s={search_term_string}"},"query-input":{"@type":"PropertyValueSpecification","valueRequired":true,"valueName":"search_term_string"}}],"inLanguage":"fr-FR"},{"@type":"Organization","@id":"https:\/\/vitalstoday.com\/#organization","name":"Vitals Today","url":"https:\/\/vitalstoday.com\/","logo":{"@type":"ImageObject","inLanguage":"fr-FR","@id":"https:\/\/vitalstoday.com\/#\/schema\/logo\/image\/","url":"https:\/\/vitalstoday.com\/wp-content\/uploads\/cropped-VitalsToday_Green_Transparent_TextSame_512.png","contentUrl":"https:\/\/vitalstoday.com\/wp-content\/uploads\/cropped-VitalsToday_Green_Transparent_TextSame_512.png","width":512,"height":512,"caption":"Vitals Today"},"image":{"@id":"https:\/\/vitalstoday.com\/#\/schema\/logo\/image\/"},"sameAs":["https:\/\/www.facebook.com\/VitalsToday\/","https:\/\/x.com\/VitalsToday","https:\/\/www.linkedin.com\/company\/vitals-today","https:\/\/bsky.app\/profile\/vitalstoday.bsky.social"]},{"@type":"Person","@id":"https:\/\/vitalstoday.com\/#\/schema\/person\/e4b0e77e3d89517e65b2d7b4c450a54a","name":"Wendy Lazcano","description":"Journaliste chevronn\u00e9e, elle a travaill\u00e9 pour la presse \u00e9crite, notamment Diario de Cuba et Review Energy, et a anim\u00e9 des \u00e9missions de radio (Wradio\/Grupo PRISA) et de t\u00e9l\u00e9vision (Canal 33). Sp\u00e9cialiste de la politique et de la r\u00e9glementation, Wendy est reconnue pour sa capacit\u00e9 \u00e0 analyser et \u00e0 expliquer des probl\u00e9matiques complexes.","sameAs":["https:\/\/vitalstoday.com\/author\/wendylazcano01\/","https:\/\/www.facebook.com\/wendy.lazcanoexposito","https:\/\/www.instagram.com\/wendy_lazcano\/","https:\/\/www.linkedin.com\/in\/wendy-lazcano-exp\u00f3sito-886aa6139","https:\/\/x.com\/https:\/\/www.x.com\/wendyLE1992","https:\/\/www.youtube.com\/@puntociegooficial"],"url":"https:\/\/vitalstoday.com\/fr\/author\/wendylazcano01\/"}]}},"jetpack_publicize_connections":[],"jetpack_featured_media_url":"https:\/\/vitalstoday.com\/wp-content\/uploads\/FOTOS-VITAL-TODAY-23.jpg","jetpack_sharing_enabled":true,"_links":{"self":[{"href":"https:\/\/vitalstoday.com\/fr\/wp-json\/wp\/v2\/posts\/6245","targetHints":{"allow":["GET"]}}],"collection":[{"href":"https:\/\/vitalstoday.com\/fr\/wp-json\/wp\/v2\/posts"}],"about":[{"href":"https:\/\/vitalstoday.com\/fr\/wp-json\/wp\/v2\/types\/post"}],"author":[{"embeddable":true,"href":"https:\/\/vitalstoday.com\/fr\/wp-json\/wp\/v2\/users\/257725345"}],"replies":[{"embeddable":true,"href":"https:\/\/vitalstoday.com\/fr\/wp-json\/wp\/v2\/comments?post=6245"}],"version-history":[{"count":3,"href":"https:\/\/vitalstoday.com\/fr\/wp-json\/wp\/v2\/posts\/6245\/revisions"}],"predecessor-version":[{"id":6432,"href":"https:\/\/vitalstoday.com\/fr\/wp-json\/wp\/v2\/posts\/6245\/revisions\/6432"}],"wp:featuredmedia":[{"embeddable":true,"href":"https:\/\/vitalstoday.com\/fr\/wp-json\/wp\/v2\/media\/6431"}],"wp:attachment":[{"href":"https:\/\/vitalstoday.com\/fr\/wp-json\/wp\/v2\/media?parent=6245"}],"wp:term":[{"taxonomy":"category","embeddable":true,"href":"https:\/\/vitalstoday.com\/fr\/wp-json\/wp\/v2\/categories?post=6245"},{"taxonomy":"post_tag","embeddable":true,"href":"https:\/\/vitalstoday.com\/fr\/wp-json\/wp\/v2\/tags?post=6245"}],"curies":[{"name":"wp","href":"https:\/\/api.w.org\/{rel}","templated":true}]}}