{"id":6353,"date":"2026-04-26T07:45:00","date_gmt":"2026-04-26T06:45:00","guid":{"rendered":"https:\/\/vitalstoday.com\/?p=6353"},"modified":"2026-04-23T12:40:58","modified_gmt":"2026-04-23T11:40:58","slug":"un-masque-de-sommeil-est-il-adapte-pour-dormir-dans-un-avion","status":"publish","type":"post","link":"https:\/\/vitalstoday.com\/fr\/salud\/sirve-un-antifaz-para-dormir-en-el-avion\/","title":{"rendered":"Un masque de sommeil est-il utile pour dormir dans un avion\u00a0?"},"content":{"rendered":"<p>Oui, cela vaut g\u00e9n\u00e9ralement le coup si la lumi\u00e8re vous emp\u00eache de dormir, mais inutile de d\u00e9penser une fortune ni d&#039;esp\u00e9rer des miracles. En cabine, un mod\u00e8le bien ajust\u00e9 et peu encombrant est plus utile qu&#039;un design volumineux.<\/p>\n\n\n\n<h2 class=\"wp-block-heading\">Quels sont les crit\u00e8res \u00e0 prendre en compte avant d&#039;acheter un masque de sommeil pour avion\u00a0?<\/h2>\n\n\n\n<p>Avant d&#039;acheter, tenez compte de trois points qui font toute la diff\u00e9rence\u00a0: que le masque bloque bien la lumi\u00e8re lat\u00e9rale, qu&#039;il ne soit pas trop serr\u00e9 et qu&#039;il se range facilement dans un petit sac \u00e0 dos.<\/p>\n\n\n\n<p>Il est \u00e9galement important de pr\u00eater attention au tissu et \u00e0 l&#039;\u00e9lastique. Si vous voyagez occasionnellement en avion, un mod\u00e8le de base suffit g\u00e9n\u00e9ralement. Investir dans un mod\u00e8le plus cher se justifie si vous ressentez une pression sur vos yeux ou vos cils, ou si vous voyagez fr\u00e9quemment.<\/p>\n\n\n\n<p>Si vous utilisez un oreiller cervical ou si vous dormez dos \u00e0 la fen\u00eatre, un masque de sommeil \u00e9pais peut s&#039;av\u00e9rer plus g\u00eanant qu&#039;utile. En revanche, un masque fin et souple est g\u00e9n\u00e9ralement plus confortable lors des longs trajets.<\/p>\n\n\n\n<h2 class=\"wp-block-heading\">Un mod\u00e8le simple pour les vols occasionnels<\/h2>\n\n\n\n<p>\u00c0 titre d&#039;exemple concret, ce mod\u00e8le d&#039;El Corte Ingl\u00e9s co\u00fbte 5,95 \u20ac et p\u00e8se 13 grammes. Mesurant 19 x 8 centim\u00e8tres, il convient mieux \u00e0 un achat de voyage simple qu&#039;\u00e0 ceux qui recherchent des accessoires suppl\u00e9mentaires.<\/p>\n\n\n<\/p>\n<div class=\"vt-affbox\">\n<div class=\"vt-affbox__head\">\n<p class=\"vt-affbox__label\">accessoire de voyage<\/p>\n<p class=\"vt-affbox__title-wrap\">\n      <a href=\"https:\/\/www.awin1.com\/pclick.php?p=36611854599&#038;a=2765908&#038;m=13075\" rel=\"sponsored nofollow noopener\" class=\"vt-affbox__title-link\">masque de voyage pour les yeux <span data-no-translation>El Corte Ingl\u00e9s<\/span>, bleu marine<\/a><\/p>\n<\/div>\n<div class=\"vt-affbox__buyblock\">\n<div class=\"vt-affbox__image-wrap\">\n      <a href=\"https:\/\/www.awin1.com\/pclick.php?p=36611854599&#038;a=2765908&#038;m=13075\" rel=\"sponsored nofollow noopener\" class=\"vt-affbox__image-link\"><br \/>\n<img decoding=\"async\" src=\"https:\/\/sgfm.elcorteingles.es\/SGFM\/dctm\/MEDIA03\/202004\/02\/00103169602335____3__516x640.jpg\" alt=\"Masque pour les yeux de voyage d&#039;El Corte Ingl\u00e9s, bleu marine\" loading=\"lazy\" class=\"vt-affbox__image\" \/><br \/>\n<\/a><\/div>\n<div class=\"vt-affbox__price-wrap\">\n<p class=\"vt-affbox__price-current\">5,95 \u20ac<\/p>\n<\/div>\n<div class=\"vt-affbox__cta-wrap\">\n      <a href=\"https:\/\/www.awin1.com\/pclick.php?p=36611854599&#038;a=2765908&#038;m=13075\" rel=\"sponsored nofollow noopener\" class=\"vt-affbox__cta\">Afficher dans <span data-no-translation>El Corte Ingl\u00e9s<\/span><\/a><\/div>\n<\/div>\n<div class=\"vt-affbox__support\">\n<p class=\"vt-affbox__support-title\">Pourquoi cela pourrait convenir<\/p>\n<ul class=\"vt-affbox__list\">\n<li>Il prend peu de place<\/li>\n<li>Aide pour la lumi\u00e8re<\/li>\n<li>Utile pour les vols occasionnels<\/li>\n<\/ul>\n<\/div>\n<div class=\"vt-affbox__support\">\n<p class=\"vt-affbox__support-title\">Qu&#039;est-ce qui devrait \u00eatre valoris\u00e9 ?<\/p>\n<ul class=\"vt-affbox__list\">\n<li>Il est plus efficace avec des bouchons d&#039;oreille si vous recherchez une meilleure isolation.<\/li>\n<\/ul>\n<\/div>\n<p class=\"vt-affbox__footer\">Lien affili\u00e9 \u00b7 Prix sujet \u00e0 modification.<\/p>\n<\/div>\n<p>\n\n\n\n<h2 class=\"wp-block-heading\">Quand un masque de sommeil pour avion est-il vraiment utile ?<\/h2>\n\n\n\n<p>C\u2019est particuli\u00e8rement vrai si vous vous r\u00e9veillez avec les reflets du hublot, des \u00e9crans voisins ou de l\u2019\u00e9clairage de la cabine. Dans ce cas, un simple masque de sommeil peut am\u00e9liorer le confort du vol bien plus qu\u2019un accessoire plus esth\u00e9tique mais mal ajust\u00e9.<\/p>\n\n\n\n<p>Cela a moins de sens si le probl\u00e8me principal est le bruit, le si\u00e8ge ou une douleur cervicale. Dans ces cas-l\u00e0, des bouchons d&#039;oreilles, un coussin cervical ou tout simplement accepter que le vol ne permettra pas de bien dormir sont g\u00e9n\u00e9ralement plus efficaces.<\/p>\n\n\n\n\n\n\n\n\n<\/p>\n<p data-no-translation>Quand le vrai probl\u00e8me est le <a href=\"https:\/\/www.ameli.fr\/assure\/sante\/themes\/decalage-horaire-et-sante-jet-lag\/decalage-horaire-sante\" rel=\"nofollow noopener\">d\u00e9calage horaire<\/a>, les recommandations officielles insistent davantage sur le sommeil, l\u2019hydratation et l\u2019adaptation au nouvel horaire que sur un accessoire isol\u00e9.<\/p>\n<p>\n\n\n\n<h2 class=\"wp-block-heading\">Quand est-ce que \u00e7a ne vaut pas la peine d&#039;acheter ?<\/h2>\n\n\n\n<p>En g\u00e9n\u00e9ral, cela n&#039;en vaut pas la peine si vous dormez d\u00e9j\u00e0 bien n&#039;importe o\u00f9 ou si la lumi\u00e8re ne vous d\u00e9range pas trop. Dans ce cas, la diff\u00e9rence sera minime et ne justifiera probablement pas l&#039;ajout d&#039;un bagage suppl\u00e9mentaire.<\/p>\n\n\n\n\n\n\n\n\n<\/p>\n<p data-no-translation>Si vous envisagez aussi la <a href=\"https:\/\/vitalstoday.com\/fr\/sante\/circadin-2-mg-avec-ordonnance-en-espagne\/\" rel=\"noopener\">m\u00e9latonine<\/a> pour les longs trajets, il vaut mieux distinguer les compl\u00e9ments des m\u00e9dicaments sur ordonnance, car tout n\u2019est pas vendu selon les m\u00eames r\u00e8gles en Espagne.<\/p>\n<p>\n\n\n\n<p>Pour cet achat, la d\u00e9cision la plus judicieuse est assez simple. Si votre probl\u00e8me est l\u00e9ger, cela peut valoir le coup. Si votre probl\u00e8me est plus important, le masque pour les yeux est g\u00e9n\u00e9ralement moins indispensable.<\/p>\n\n\n\n<p><em>Ce texte est fourni \u00e0 titre informatif seulement et ne remplace pas un avis m\u00e9dical. Consultez toujours des sources officielles si vous souffrez de troubles du sommeil persistants ou si la fatigue apr\u00e8s un voyage dure plus longtemps que d&#039;habitude.<\/em><\/p>","protected":false},"excerpt":{"rendered":"<p>S\u00ed, suele merecer la pena si la luz te impide dormir, pero no hace falta gastar mucho ni esperar milagros. En cabina ayuda m\u00e1s un buen ajuste y poco volumen que un dise\u00f1o aparatoso. \u00bfQu\u00e9 mirar antes de comprar un antifaz para dormir en el avi\u00f3n? Antes de comprar, mira tres cosas que s\u00ed cambian [&hellip;]<\/p>\n","protected":false},"author":257725345,"featured_media":6417,"comment_status":"closed","ping_status":"closed","sticky":false,"template":"","format":"standard","meta":{"_stopmodifiedupdate":false,"_modified_date":"","_jetpack_memberships_contains_paid_content":false,"jnews-multi-image_gallery":[],"jnews_single_post":{"format":"standard","override":[{"template":"1","parallax":"1","layout":"right-sidebar","sidebar":"default-sidebar","second_sidebar":"default-sidebar","share_position":"float","share_float_style":"share-normal","show_share_counter":"1","show_view_counter":"1","show_featured":"1","show_post_meta":"1","show_post_author":"1","show_post_date":"1","post_date_format":"default","post_date_format_custom":"Y\/m\/d","show_post_reading_time":"1","post_reading_time_wpm":"300","post_calculate_word_method":"str_word_count","zoom_button_out_step":"2","zoom_button_in_step":"3","show_post_tag":"1","show_prev_next_post":"1","number_popup_post":"1","show_post_related":"1"}],"image_override":[{"single_post_thumbnail_size":"crop-500","single_post_gallery_size":"crop-500"}],"trending_post_position":"meta","trending_post_label":"Trending","sponsored_post_label":"Sponsored by","disable_ad":"0","subtitle":"Cu\u00e1ndo un antifaz de viaje puede ayudar a descansar mejor en cabina, qu\u00e9 no resuelve frente al desfase horario y qu\u00e9 detalles sencillos conviene mirar antes de comprar uno."},"jnews_primary_category":[],"jnews_override_counter":{"view_counter_number":"0","share_counter_number":"0","like_counter_number":"0","dislike_counter_number":"0"},"footnotes":"","jetpack_publicize_message":"","jetpack_publicize_feature_enabled":true,"jetpack_social_post_already_shared":true,"jetpack_social_options":{"image_generator_settings":{"template":"highway","default_image_id":0,"font":"","enabled":false},"version":2}},"categories":[178],"tags":[],"class_list":["post-6353","post","type-post","status-publish","format-standard","has-post-thumbnail","hentry","category-salud"],"yoast_head":"<!-- This site is optimized with the Yoast SEO plugin v27.4 - https:\/\/yoast.com\/product\/yoast-seo-wordpress\/ -->\n<title>\u00bfSirve un antifaz para dormir en el avi\u00f3n? | Vitals Today<\/title>\n<meta name=\"description\" content=\"S\u00ed, suele merecer la pena si la luz te impide dormir, pero no hace falta gastar mucho ni esperar milagros. En cabina ayuda m\u00e1s un buen ajuste y poco volumen que un dise\u00f1o aparatoso.\" \/>\n<meta name=\"robots\" content=\"index, follow, max-snippet:-1, max-image-preview:large, max-video-preview:-1\" \/>\n<link rel=\"canonical\" href=\"https:\/\/vitalstoday.com\/fr\/sante\/un-masque-de-sommeil-est-il-adapte-pour-dormir-dans-un-avion\/\" \/>\n<meta property=\"og:locale\" content=\"fr_FR\" \/>\n<meta property=\"og:type\" content=\"article\" \/>\n<meta property=\"og:title\" content=\"\u00bfSirve un antifaz para dormir en el avi\u00f3n? | Vitals Today\" \/>\n<meta property=\"og:description\" content=\"S\u00ed, suele merecer la pena si la luz te impide dormir, pero no hace falta gastar mucho ni esperar milagros. En cabina ayuda m\u00e1s un buen ajuste y poco volumen que un dise\u00f1o aparatoso.\" \/>\n<meta property=\"og:url\" content=\"https:\/\/vitalstoday.com\/fr\/sante\/un-masque-de-sommeil-est-il-adapte-pour-dormir-dans-un-avion\/\" \/>\n<meta property=\"og:site_name\" content=\"Vitals Today\" \/>\n<meta property=\"article:publisher\" content=\"https:\/\/www.facebook.com\/VitalsToday\/\" \/>\n<meta property=\"article:author\" content=\"https:\/\/www.facebook.com\/wendy.lazcanoexposito\" \/>\n<meta property=\"article:published_time\" content=\"2026-04-26T06:45:00+00:00\" \/>\n<meta property=\"og:image\" content=\"https:\/\/vitalstoday.com\/wp-content\/uploads\/FOTOS-VITAL-TODAY-copia-2-11.jpg\" \/>\n\t<meta property=\"og:image:width\" content=\"900\" \/>\n\t<meta property=\"og:image:height\" content=\"600\" \/>\n\t<meta property=\"og:image:type\" content=\"image\/jpeg\" \/>\n<meta name=\"author\" content=\"Wendy Lazcano\" \/>\n<meta name=\"twitter:card\" content=\"summary_large_image\" \/>\n<meta name=\"twitter:creator\" content=\"@https:\/\/www.x.com\/wendyLE1992\" \/>\n<meta name=\"twitter:site\" content=\"@VitalsToday\" \/>\n<meta name=\"twitter:label1\" content=\"\u00c9crit par\" \/>\n\t<meta name=\"twitter:data1\" content=\"Wendy Lazcano\" \/>\n\t<meta name=\"twitter:label2\" content=\"Dur\u00e9e de lecture estim\u00e9e\" \/>\n\t<meta name=\"twitter:data2\" content=\"4 minutes\" \/>\n<script type=\"application\/ld+json\" class=\"yoast-schema-graph\">{\"@context\":\"https:\\\/\\\/schema.org\",\"@graph\":[{\"@type\":\"Article\",\"@id\":\"https:\\\/\\\/vitalstoday.com\\\/salud\\\/sirve-un-antifaz-para-dormir-en-el-avion\\\/#article\",\"isPartOf\":{\"@id\":\"https:\\\/\\\/vitalstoday.com\\\/salud\\\/sirve-un-antifaz-para-dormir-en-el-avion\\\/\"},\"author\":{\"name\":\"Wendy Lazcano\",\"@id\":\"https:\\\/\\\/vitalstoday.com\\\/#\\\/schema\\\/person\\\/e4b0e77e3d89517e65b2d7b4c450a54a\"},\"headline\":\"\u00bfSirve un antifaz para dormir en el avi\u00f3n?\",\"datePublished\":\"2026-04-26T06:45:00+00:00\",\"mainEntityOfPage\":{\"@id\":\"https:\\\/\\\/vitalstoday.com\\\/salud\\\/sirve-un-antifaz-para-dormir-en-el-avion\\\/\"},\"wordCount\":703,\"publisher\":{\"@id\":\"https:\\\/\\\/vitalstoday.com\\\/#organization\"},\"image\":{\"@id\":\"https:\\\/\\\/vitalstoday.com\\\/salud\\\/sirve-un-antifaz-para-dormir-en-el-avion\\\/#primaryimage\"},\"thumbnailUrl\":\"https:\\\/\\\/vitalstoday.com\\\/wp-content\\\/uploads\\\/FOTOS-VITAL-TODAY-copia-2-11.jpg\",\"articleSection\":[\"Salud\"],\"inLanguage\":\"fr-FR\"},{\"@type\":\"WebPage\",\"@id\":\"https:\\\/\\\/vitalstoday.com\\\/salud\\\/sirve-un-antifaz-para-dormir-en-el-avion\\\/\",\"url\":\"https:\\\/\\\/vitalstoday.com\\\/salud\\\/sirve-un-antifaz-para-dormir-en-el-avion\\\/\",\"name\":\"\u00bfSirve un antifaz para dormir en el avi\u00f3n? | Vitals Today\",\"isPartOf\":{\"@id\":\"https:\\\/\\\/vitalstoday.com\\\/#website\"},\"primaryImageOfPage\":{\"@id\":\"https:\\\/\\\/vitalstoday.com\\\/salud\\\/sirve-un-antifaz-para-dormir-en-el-avion\\\/#primaryimage\"},\"image\":{\"@id\":\"https:\\\/\\\/vitalstoday.com\\\/salud\\\/sirve-un-antifaz-para-dormir-en-el-avion\\\/#primaryimage\"},\"thumbnailUrl\":\"https:\\\/\\\/vitalstoday.com\\\/wp-content\\\/uploads\\\/FOTOS-VITAL-TODAY-copia-2-11.jpg\",\"datePublished\":\"2026-04-26T06:45:00+00:00\",\"description\":\"S\u00ed, suele merecer la pena si la luz te impide dormir, pero no hace falta gastar mucho ni esperar milagros. En cabina ayuda m\u00e1s un buen ajuste y poco volumen que un dise\u00f1o aparatoso.\",\"breadcrumb\":{\"@id\":\"https:\\\/\\\/vitalstoday.com\\\/salud\\\/sirve-un-antifaz-para-dormir-en-el-avion\\\/#breadcrumb\"},\"inLanguage\":\"fr-FR\",\"potentialAction\":[{\"@type\":\"ReadAction\",\"target\":[\"https:\\\/\\\/vitalstoday.com\\\/salud\\\/sirve-un-antifaz-para-dormir-en-el-avion\\\/\"]}]},{\"@type\":\"ImageObject\",\"inLanguage\":\"fr-FR\",\"@id\":\"https:\\\/\\\/vitalstoday.com\\\/salud\\\/sirve-un-antifaz-para-dormir-en-el-avion\\\/#primaryimage\",\"url\":\"https:\\\/\\\/vitalstoday.com\\\/wp-content\\\/uploads\\\/FOTOS-VITAL-TODAY-copia-2-11.jpg\",\"contentUrl\":\"https:\\\/\\\/vitalstoday.com\\\/wp-content\\\/uploads\\\/FOTOS-VITAL-TODAY-copia-2-11.jpg\",\"width\":900,\"height\":600,\"caption\":\"Canva\"},{\"@type\":\"BreadcrumbList\",\"@id\":\"https:\\\/\\\/vitalstoday.com\\\/salud\\\/sirve-un-antifaz-para-dormir-en-el-avion\\\/#breadcrumb\",\"itemListElement\":[{\"@type\":\"ListItem\",\"position\":1,\"name\":\"Salud\",\"item\":\"https:\\\/\\\/vitalstoday.com\\\/category\\\/salud\\\/\"},{\"@type\":\"ListItem\",\"position\":2,\"name\":\"\u00bfSirve un antifaz para dormir en el avi\u00f3n?\"}]},{\"@type\":\"WebSite\",\"@id\":\"https:\\\/\\\/vitalstoday.com\\\/#website\",\"url\":\"https:\\\/\\\/vitalstoday.com\\\/\",\"name\":\"Vitals Today\",\"description\":\"Tu gu\u00eda para entender los medicamentos y cuidar tu salud, est\u00e9s donde est\u00e9s\",\"publisher\":{\"@id\":\"https:\\\/\\\/vitalstoday.com\\\/#organization\"},\"alternateName\":\"VitalsToday\",\"potentialAction\":[{\"@type\":\"SearchAction\",\"target\":{\"@type\":\"EntryPoint\",\"urlTemplate\":\"https:\\\/\\\/vitalstoday.com\\\/?s={search_term_string}\"},\"query-input\":{\"@type\":\"PropertyValueSpecification\",\"valueRequired\":true,\"valueName\":\"search_term_string\"}}],\"inLanguage\":\"fr-FR\"},{\"@type\":\"Organization\",\"@id\":\"https:\\\/\\\/vitalstoday.com\\\/#organization\",\"name\":\"Vitals Today\",\"url\":\"https:\\\/\\\/vitalstoday.com\\\/\",\"logo\":{\"@type\":\"ImageObject\",\"inLanguage\":\"fr-FR\",\"@id\":\"https:\\\/\\\/vitalstoday.com\\\/#\\\/schema\\\/logo\\\/image\\\/\",\"url\":\"\",\"contentUrl\":\"\",\"caption\":\"Vitals Today\"},\"image\":{\"@id\":\"https:\\\/\\\/vitalstoday.com\\\/#\\\/schema\\\/logo\\\/image\\\/\"},\"sameAs\":[\"https:\\\/\\\/www.facebook.com\\\/VitalsToday\\\/\",\"https:\\\/\\\/x.com\\\/VitalsToday\",\"https:\\\/\\\/www.linkedin.com\\\/company\\\/vitals-today\",\"https:\\\/\\\/bsky.app\\\/profile\\\/vitalstoday.bsky.social\"]},{\"@type\":\"Person\",\"@id\":\"https:\\\/\\\/vitalstoday.com\\\/#\\\/schema\\\/person\\\/e4b0e77e3d89517e65b2d7b4c450a54a\",\"name\":\"Wendy Lazcano\",\"description\":\"Es una periodista experimentada que ha trabajado en medios escritos como Diario de Cuba y Review Energy, adem\u00e1s de liderar programas en radio (Wradio\\\/Grupo PRISA) y televisi\u00f3n (Canal 33). Especialista en pol\u00edtica y regulaciones, Wendy destaca por su habilidad para analizar y explicar temas complejos.\",\"sameAs\":[\"https:\\\/\\\/vitalstoday.com\\\/author\\\/wendylazcano01\\\/\",\"https:\\\/\\\/www.facebook.com\\\/wendy.lazcanoexposito\",\"https:\\\/\\\/www.instagram.com\\\/wendy_lazcano\\\/\",\"https:\\\/\\\/www.linkedin.com\\\/in\\\/wendy-lazcano-exp\u00f3sito-886aa6139\",\"https:\\\/\\\/x.com\\\/https:\\\/\\\/www.x.com\\\/wendyLE1992\",\"https:\\\/\\\/www.youtube.com\\\/@puntociegooficial\"],\"url\":\"https:\\\/\\\/vitalstoday.com\\\/fr\\\/author\\\/wendylazcano01\\\/\"}]}<\/script>\n<!-- \/ Yoast SEO plugin. -->","yoast_head_json":{"title":"Un masque de sommeil est-il utile pour dormir en avion\u00a0? | Vitals Today","description":"Oui, cela vaut g\u00e9n\u00e9ralement le coup si la lumi\u00e8re vous emp\u00eache de dormir, mais inutile de d\u00e9penser une fortune ni d&#039;esp\u00e9rer des miracles. En cabine, un mod\u00e8le bien ajust\u00e9 et peu encombrant est plus utile qu&#039;un design volumineux.","robots":{"index":"index","follow":"follow","max-snippet":"max-snippet:-1","max-image-preview":"max-image-preview:large","max-video-preview":"max-video-preview:-1"},"canonical":"https:\/\/vitalstoday.com\/fr\/sante\/un-masque-de-sommeil-est-il-adapte-pour-dormir-dans-un-avion\/","og_locale":"fr_FR","og_type":"article","og_title":"\u00bfSirve un antifaz para dormir en el avi\u00f3n? | Vitals Today","og_description":"S\u00ed, suele merecer la pena si la luz te impide dormir, pero no hace falta gastar mucho ni esperar milagros. En cabina ayuda m\u00e1s un buen ajuste y poco volumen que un dise\u00f1o aparatoso.","og_url":"https:\/\/vitalstoday.com\/fr\/sante\/un-masque-de-sommeil-est-il-adapte-pour-dormir-dans-un-avion\/","og_site_name":"Vitals Today","article_publisher":"https:\/\/www.facebook.com\/VitalsToday\/","article_author":"https:\/\/www.facebook.com\/wendy.lazcanoexposito","article_published_time":"2026-04-26T06:45:00+00:00","og_image":[{"width":900,"height":600,"url":"https:\/\/vitalstoday.com\/wp-content\/uploads\/FOTOS-VITAL-TODAY-copia-2-11.jpg","type":"image\/jpeg"}],"author":"Wendy Lazcano","twitter_card":"summary_large_image","twitter_creator":"@https:\/\/www.x.com\/wendyLE1992","twitter_site":"@VitalsToday","twitter_misc":{"\u00c9crit par":"Wendy Lazcano","Dur\u00e9e de lecture estim\u00e9e":"4 minutes"},"schema":{"@context":"https:\/\/schema.org","@graph":[{"@type":"Article","@id":"https:\/\/vitalstoday.com\/salud\/sirve-un-antifaz-para-dormir-en-el-avion\/#article","isPartOf":{"@id":"https:\/\/vitalstoday.com\/salud\/sirve-un-antifaz-para-dormir-en-el-avion\/"},"author":{"name":"Wendy Lazcano","@id":"https:\/\/vitalstoday.com\/#\/schema\/person\/e4b0e77e3d89517e65b2d7b4c450a54a"},"headline":"\u00bfSirve un antifaz para dormir en el avi\u00f3n?","datePublished":"2026-04-26T06:45:00+00:00","mainEntityOfPage":{"@id":"https:\/\/vitalstoday.com\/salud\/sirve-un-antifaz-para-dormir-en-el-avion\/"},"wordCount":703,"publisher":{"@id":"https:\/\/vitalstoday.com\/#organization"},"image":{"@id":"https:\/\/vitalstoday.com\/salud\/sirve-un-antifaz-para-dormir-en-el-avion\/#primaryimage"},"thumbnailUrl":"https:\/\/vitalstoday.com\/wp-content\/uploads\/FOTOS-VITAL-TODAY-copia-2-11.jpg","articleSection":["Salud"],"inLanguage":"fr-FR"},{"@type":"WebPage","@id":"https:\/\/vitalstoday.com\/salud\/sirve-un-antifaz-para-dormir-en-el-avion\/","url":"https:\/\/vitalstoday.com\/salud\/sirve-un-antifaz-para-dormir-en-el-avion\/","name":"Un masque de sommeil est-il utile pour dormir en avion\u00a0? | Vitals Today","isPartOf":{"@id":"https:\/\/vitalstoday.com\/#website"},"primaryImageOfPage":{"@id":"https:\/\/vitalstoday.com\/salud\/sirve-un-antifaz-para-dormir-en-el-avion\/#primaryimage"},"image":{"@id":"https:\/\/vitalstoday.com\/salud\/sirve-un-antifaz-para-dormir-en-el-avion\/#primaryimage"},"thumbnailUrl":"https:\/\/vitalstoday.com\/wp-content\/uploads\/FOTOS-VITAL-TODAY-copia-2-11.jpg","datePublished":"2026-04-26T06:45:00+00:00","description":"Oui, cela vaut g\u00e9n\u00e9ralement le coup si la lumi\u00e8re vous emp\u00eache de dormir, mais inutile de d\u00e9penser une fortune ni d&#039;esp\u00e9rer des miracles. En cabine, un mod\u00e8le bien ajust\u00e9 et peu encombrant est plus utile qu&#039;un design volumineux.","breadcrumb":{"@id":"https:\/\/vitalstoday.com\/salud\/sirve-un-antifaz-para-dormir-en-el-avion\/#breadcrumb"},"inLanguage":"fr-FR","potentialAction":[{"@type":"ReadAction","target":["https:\/\/vitalstoday.com\/salud\/sirve-un-antifaz-para-dormir-en-el-avion\/"]}]},{"@type":"ImageObject","inLanguage":"fr-FR","@id":"https:\/\/vitalstoday.com\/salud\/sirve-un-antifaz-para-dormir-en-el-avion\/#primaryimage","url":"https:\/\/vitalstoday.com\/wp-content\/uploads\/FOTOS-VITAL-TODAY-copia-2-11.jpg","contentUrl":"https:\/\/vitalstoday.com\/wp-content\/uploads\/FOTOS-VITAL-TODAY-copia-2-11.jpg","width":900,"height":600,"caption":"Canva"},{"@type":"BreadcrumbList","@id":"https:\/\/vitalstoday.com\/salud\/sirve-un-antifaz-para-dormir-en-el-avion\/#breadcrumb","itemListElement":[{"@type":"ListItem","position":1,"name":"Salud","item":"https:\/\/vitalstoday.com\/category\/salud\/"},{"@type":"ListItem","position":2,"name":"\u00bfSirve un antifaz para dormir en el avi\u00f3n?"}]},{"@type":"WebSite","@id":"https:\/\/vitalstoday.com\/#website","url":"https:\/\/vitalstoday.com\/","name":"Vitals Today","description":"Votre guide pour comprendre les m\u00e9dicaments et prendre soin de votre sant\u00e9, o\u00f9 que vous soyez.","publisher":{"@id":"https:\/\/vitalstoday.com\/#organization"},"alternateName":"VitalsToday","potentialAction":[{"@type":"SearchAction","target":{"@type":"EntryPoint","urlTemplate":"https:\/\/vitalstoday.com\/?s={search_term_string}"},"query-input":{"@type":"PropertyValueSpecification","valueRequired":true,"valueName":"search_term_string"}}],"inLanguage":"fr-FR"},{"@type":"Organization","@id":"https:\/\/vitalstoday.com\/#organization","name":"Vitals Today","url":"https:\/\/vitalstoday.com\/","logo":{"@type":"ImageObject","inLanguage":"fr-FR","@id":"https:\/\/vitalstoday.com\/#\/schema\/logo\/image\/","url":"","contentUrl":"","caption":"Vitals Today"},"image":{"@id":"https:\/\/vitalstoday.com\/#\/schema\/logo\/image\/"},"sameAs":["https:\/\/www.facebook.com\/VitalsToday\/","https:\/\/x.com\/VitalsToday","https:\/\/www.linkedin.com\/company\/vitals-today","https:\/\/bsky.app\/profile\/vitalstoday.bsky.social"]},{"@type":"Person","@id":"https:\/\/vitalstoday.com\/#\/schema\/person\/e4b0e77e3d89517e65b2d7b4c450a54a","name":"Wendy Lazcano","description":"Journaliste chevronn\u00e9e, elle a travaill\u00e9 pour la presse \u00e9crite, notamment Diario de Cuba et Review Energy, et a anim\u00e9 des \u00e9missions de radio (Wradio\/Grupo PRISA) et de t\u00e9l\u00e9vision (Canal 33). Sp\u00e9cialiste de la politique et de la r\u00e9glementation, Wendy est reconnue pour sa capacit\u00e9 \u00e0 analyser et \u00e0 expliquer des probl\u00e9matiques complexes.","sameAs":["https:\/\/vitalstoday.com\/author\/wendylazcano01\/","https:\/\/www.facebook.com\/wendy.lazcanoexposito","https:\/\/www.instagram.com\/wendy_lazcano\/","https:\/\/www.linkedin.com\/in\/wendy-lazcano-exp\u00f3sito-886aa6139","https:\/\/x.com\/https:\/\/www.x.com\/wendyLE1992","https:\/\/www.youtube.com\/@puntociegooficial"],"url":"https:\/\/vitalstoday.com\/fr\/author\/wendylazcano01\/"}]}},"jetpack_publicize_connections":[],"jetpack_featured_media_url":"https:\/\/vitalstoday.com\/wp-content\/uploads\/FOTOS-VITAL-TODAY-copia-2-11.jpg","jetpack_sharing_enabled":true,"_links":{"self":[{"href":"https:\/\/vitalstoday.com\/fr\/wp-json\/wp\/v2\/posts\/6353","targetHints":{"allow":["GET"]}}],"collection":[{"href":"https:\/\/vitalstoday.com\/fr\/wp-json\/wp\/v2\/posts"}],"about":[{"href":"https:\/\/vitalstoday.com\/fr\/wp-json\/wp\/v2\/types\/post"}],"author":[{"embeddable":true,"href":"https:\/\/vitalstoday.com\/fr\/wp-json\/wp\/v2\/users\/257725345"}],"replies":[{"embeddable":true,"href":"https:\/\/vitalstoday.com\/fr\/wp-json\/wp\/v2\/comments?post=6353"}],"version-history":[{"count":6,"href":"https:\/\/vitalstoday.com\/fr\/wp-json\/wp\/v2\/posts\/6353\/revisions"}],"predecessor-version":[{"id":6418,"href":"https:\/\/vitalstoday.com\/fr\/wp-json\/wp\/v2\/posts\/6353\/revisions\/6418"}],"wp:featuredmedia":[{"embeddable":true,"href":"https:\/\/vitalstoday.com\/fr\/wp-json\/wp\/v2\/media\/6417"}],"wp:attachment":[{"href":"https:\/\/vitalstoday.com\/fr\/wp-json\/wp\/v2\/media?parent=6353"}],"wp:term":[{"taxonomy":"category","embeddable":true,"href":"https:\/\/vitalstoday.com\/fr\/wp-json\/wp\/v2\/categories?post=6353"},{"taxonomy":"post_tag","embeddable":true,"href":"https:\/\/vitalstoday.com\/fr\/wp-json\/wp\/v2\/tags?post=6353"}],"curies":[{"name":"wp","href":"https:\/\/api.w.org\/{rel}","templated":true}]}}